{"id":207238,"date":"2025-06-27T02:02:22","date_gmt":"2025-06-27T02:02:22","guid":{"rendered":"https:\/\/www.europesays.com\/fr\/207238\/"},"modified":"2025-06-27T02:02:22","modified_gmt":"2025-06-27T02:02:22","slug":"federation-du-pret-a-porter-feminin-yann-rivoallan-reelu-president","status":"publish","type":"post","link":"https:\/\/www.europesays.com\/fr\/207238\/","title":{"rendered":"F\u00e9d\u00e9ration du pr\u00eat-\u00e0-porter f\u00e9minin: Yann Rivoallan r\u00e9\u00e9lu pr\u00e9sident"},"content":{"rendered":"<p class=\"article-content col-md-8 offset-md-1\">\n                                Mercredi 15 juin au soir, Yann Rivoallan a \u00e9t\u00e9 r\u00e9\u00e9lu \u00e0 l&rsquo;unanimit\u00e9 pr\u00e9sident de la f\u00e9d\u00e9ration fran\u00e7aise du pr\u00eat-\u00e0-porter f\u00e9minin. Apr\u00e8s un premier mandat de trois ans, le dirigeant de la soci\u00e9t\u00e9 de formation Everywhere anytime \u00e9tait le seul candidat pour repr\u00e9senter une f\u00e9d\u00e9ration qui repr\u00e9sente plus de 600 marques fran\u00e7aises. Figure m\u00e9diatique forte des d\u00e9bats autour de la loi visant \u00e0 r\u00e9duire l&rsquo;impact environnemental de l&rsquo;industrie textile, Yann Rivoallan a appos\u00e9 le sceau de la lutte contre le mod\u00e8le de mode ultra express (ultra fast fashion) de l&rsquo;acteur d&rsquo;origine chinoise <a class=\"fnwAddLinks\" href=\"https:\/\/lu.fashionnetwork.com\/tags-shein\" title=\"Shein\" target=\"_blank\" rel=\"noopener\">Shein<\/a> sur son premier mandat.\n                            <\/p>\n<p>\n                                Tous droits de reproduction et de repr\u00e9sentation r\u00e9serv\u00e9s.<br \/>\u00a9 2025 FashionNetwork.com\n                            <\/p>\n","protected":false},"excerpt":{"rendered":"Mercredi 15 juin au soir, Yann Rivoallan a \u00e9t\u00e9 r\u00e9\u00e9lu \u00e0 l&rsquo;unanimit\u00e9 pr\u00e9sident de la f\u00e9d\u00e9ration fran\u00e7aise du&hellip;\n","protected":false},"author":2,"featured_media":207239,"comment_status":"","ping_status":"","sticky":false,"template":"","format":"standard","meta":{"footnotes":""},"categories":[1888],"tags":[11,2424,537,2423,1777,674,2417,2418,1011,27,2425,985,12,2298,626,34621,2426,2427,25,2421,1104,2422,34622],"class_list":{"0":"post-207238","1":"post","2":"type-post","3":"status-publish","4":"format-standard","5":"has-post-thumbnail","7":"category-paris","8":"tag-actualites","9":"tag-beaute","10":"tag-contact","11":"tag-cosmetiques","12":"tag-eu","13":"tag-europe","14":"tag-federation-francaise-du-pret-a-porter-feminin","15":"tag-ffpapf","16":"tag-fr","17":"tag-france","18":"tag-luxe","19":"tag-mode","20":"tag-news","21":"tag-parfum","22":"tag-paris","23":"tag-paul-joe","24":"tag-professionnel","25":"tag-professionnels","26":"tag-republique-francaise","27":"tag-reseau","28":"tag-shein","29":"tag-textile","30":"tag-weill"},"share_on_mastodon":{"url":"https:\/\/pubeurope.com\/@fr\/114752870395239598","error":""},"_links":{"self":[{"href":"https:\/\/www.europesays.com\/fr\/wp-json\/wp\/v2\/posts\/207238","targetHints":{"allow":["GET"]}}],"collection":[{"href":"https:\/\/www.europesays.com\/fr\/wp-json\/wp\/v2\/posts"}],"about":[{"href":"https:\/\/www.europesays.com\/fr\/wp-json\/wp\/v2\/types\/post"}],"author":[{"embeddable":true,"href":"https:\/\/www.europesays.com\/fr\/wp-json\/wp\/v2\/users\/2"}],"replies":[{"embeddable":true,"href":"https:\/\/www.europesays.com\/fr\/wp-json\/wp\/v2\/comments?post=207238"}],"version-history":[{"count":0,"href":"https:\/\/www.europesays.com\/fr\/wp-json\/wp\/v2\/posts\/207238\/revisions"}],"wp:featuredmedia":[{"embeddable":true,"href":"https:\/\/www.europesays.com\/fr\/wp-json\/wp\/v2\/media\/207239"}],"wp:attachment":[{"href":"https:\/\/www.europesays.com\/fr\/wp-json\/wp\/v2\/media?parent=207238"}],"wp:term":[{"taxonomy":"category","embeddable":true,"href":"https:\/\/www.europesays.com\/fr\/wp-json\/wp\/v2\/categories?post=207238"},{"taxonomy":"post_tag","embeddable":true,"href":"https:\/\/www.europesays.com\/fr\/wp-json\/wp\/v2\/tags?post=207238"}],"curies":[{"name":"wp","href":"https:\/\/api.w.org\/{rel}","templated":true}]}}