{"id":207242,"date":"2025-06-27T02:04:05","date_gmt":"2025-06-27T02:04:05","guid":{"rendered":"https:\/\/www.europesays.com\/fr\/207242\/"},"modified":"2025-06-27T02:04:05","modified_gmt":"2025-06-27T02:04:05","slug":"ue-accord-des-27-pour-prolonger-les-sanctions-contre-la-russie-2","status":"publish","type":"post","link":"https:\/\/www.europesays.com\/fr\/207242\/","title":{"rendered":"UE: accord des 27 pour prolonger les sanctions contre la Russie"},"content":{"rendered":"<p class=\"wysiwyg-h2\">Les dirigeants des 27 pays membres de l&rsquo;Union europ\u00e9enne, r\u00e9unis en sommet \u00e0 Bruxelles, ont donn\u00e9 leur accord jeudi pour prolonger leurs sanctions contre la Russie pour six mois suppl\u00e9mentaires. L&rsquo;UE a adopt\u00e9 17 &lsquo;paquets&rsquo; de sanctions contre Moscou depuis 2022.<\/p>\n<p>Ces sanctions doivent \u00eatre renouvel\u00e9es \u00e0 l&rsquo;unanimit\u00e9 des 27 tous les six mois et la Hongrie, pays le plus proche de la Russie dans l&rsquo;UE, menace r\u00e9guli\u00e8rement de s&rsquo;y opposer. En janvier, le premier ministre hongrois Viktor Orban a maintenu le suspense jusqu&rsquo;au bout, avant de donner son feu vert.<\/p>\n<p>Les dirigeants de l&rsquo;UE ont \u00e9galement discut\u00e9 jeudi d&rsquo;un 18e paquet de sanctions, propos\u00e9 il y a deux semaines par la Commission europ\u00e9enne, mais aucune d\u00e9cision n&rsquo;a pu \u00eatre prise en raison, cette fois, d&rsquo;un veto de la Slovaquie.<\/p>\n<p>Le premier ministre slovaque Robert Fico s&rsquo;y oppose pour faire pression sur la Commission europ\u00e9enne afin qu&rsquo;elle lui garantisse son approvisionnement en gaz, au moment o\u00f9 l&rsquo;UE cherche \u00e0 interrompre totalement ses importations de gaz russe d&rsquo;ici \u00e0 2027.<\/p>\n<p><strong>P\u00e9trole dans le viseur<\/strong><\/p>\n<p>L&rsquo;UE cherche \u00e0 r\u00e9duire les revenus p\u00e9troliers de la Russie et a propos\u00e9 le 10 juin d&rsquo;abaisser de 60 \u00e0 45 dollars le plafond du prix de vente du baril de p\u00e9trole russe, dans le cadre de ce 18e paquet de sanctions. Le prix du p\u00e9trole \u00e9tant actuellement bien au-dessus des 60 dollars, ce nouveau seuil de 45 dollars ne devrait pas \u00eatre retenu pour le moment.<\/p>\n<p>Selon la cheffe de la diplomatie europ\u00e9enne Kaja Kallas, le seuil de 60 dollars a permis de r\u00e9duire de 30% les revenus p\u00e9troliers de la Russie, essentiels au financement de sa guerre contre l&rsquo;Ukraine.<\/p>\n<p>La Russie a cependant constitu\u00e9 une flotte &lsquo;fant\u00f4me&rsquo; de p\u00e9troliers pour contourner cette interdiction, estim\u00e9e \u00e0 plus de 500 navires, que l&rsquo;UE a d\u00e9j\u00e0 prise pour cible. Dans le cadre de ce 18e train de sanctions, l&rsquo;UE veut ajouter 70 p\u00e9troliers &lsquo;fant\u00f4mes&rsquo; \u00e0 sa liste de navires d\u00e9j\u00e0 utilis\u00e9s par Moscou, qui compte actuellement 342 noms.<\/p>\n<p>Les Europ\u00e9ens veulent aussi \u00e9tendre leurs sanctions aux produits raffin\u00e9s issus du p\u00e9trole russe, qui continuent \u00e0 \u00eatre import\u00e9s via notamment certains pays tiers comme la Turquie.<\/p>\n<p>L&rsquo;UE envisage en outre d&rsquo;ajouter 22 autres banques russes \u00e0 sa liste d&rsquo;institutions financi\u00e8res priv\u00e9es d&rsquo;acc\u00e8s au march\u00e9 international des capitaux via le syst\u00e8me Swift. Elle veut aussi ajouter d&rsquo;autres soci\u00e9t\u00e9s, y compris chinoises, \u00e0 la liste noire de celles qui aident l&rsquo;arm\u00e9e russe \u00e0 contourner les sanctions d\u00e9j\u00e0 en place.<\/p>\n<p> \/ATS<\/p>\n","protected":false},"excerpt":{"rendered":"Les dirigeants des 27 pays membres de l&rsquo;Union europ\u00e9enne, r\u00e9unis en sommet \u00e0 Bruxelles, ont donn\u00e9 leur accord&hellip;\n","protected":false},"author":2,"featured_media":207243,"comment_status":"","ping_status":"","sticky":false,"template":"","format":"standard","meta":{"footnotes":""},"categories":[1591],"tags":[11,1829,1832,1836,1827,1887,1830,1831,1826,1844,1840,1839,1841,1838,12,1843,1828,1834,1825,1833,1822,1823,1824,1885,1886,132,1837,1835,1842],"class_list":{"0":"post-207242","1":"post","2":"type-post","3":"status-publish","4":"format-standard","5":"has-post-thumbnail","7":"category-russie","8":"tag-actualites","9":"tag-ajoie","10":"tag-animation","11":"tag-bienne","12":"tag-delemont","13":"tag-federation-de-russie","14":"tag-franches-montagnes","15":"tag-frequence","16":"tag-jura","17":"tag-jura-bernois","18":"tag-la-chaux-de-fonds","19":"tag-moutier","20":"tag-neuchatel","21":"tag-neuveville","22":"tag-news","23":"tag-payerne","24":"tag-porrentruy","25":"tag-publicite","26":"tag-radio","27":"tag-redaction","28":"tag-rfj","29":"tag-rjb","30":"tag-rtn","31":"tag-russia","32":"tag-russian-federation","33":"tag-russie","34":"tag-tavannes","35":"tag-vallon-de-st-imier","36":"tag-yverdon"},"share_on_mastodon":{"url":"https:\/\/pubeurope.com\/@fr\/114752878455607129","error":""},"_links":{"self":[{"href":"https:\/\/www.europesays.com\/fr\/wp-json\/wp\/v2\/posts\/207242","targetHints":{"allow":["GET"]}}],"collection":[{"href":"https:\/\/www.europesays.com\/fr\/wp-json\/wp\/v2\/posts"}],"about":[{"href":"https:\/\/www.europesays.com\/fr\/wp-json\/wp\/v2\/types\/post"}],"author":[{"embeddable":true,"href":"https:\/\/www.europesays.com\/fr\/wp-json\/wp\/v2\/users\/2"}],"replies":[{"embeddable":true,"href":"https:\/\/www.europesays.com\/fr\/wp-json\/wp\/v2\/comments?post=207242"}],"version-history":[{"count":0,"href":"https:\/\/www.europesays.com\/fr\/wp-json\/wp\/v2\/posts\/207242\/revisions"}],"wp:featuredmedia":[{"embeddable":true,"href":"https:\/\/www.europesays.com\/fr\/wp-json\/wp\/v2\/media\/207243"}],"wp:attachment":[{"href":"https:\/\/www.europesays.com\/fr\/wp-json\/wp\/v2\/media?parent=207242"}],"wp:term":[{"taxonomy":"category","embeddable":true,"href":"https:\/\/www.europesays.com\/fr\/wp-json\/wp\/v2\/categories?post=207242"},{"taxonomy":"post_tag","embeddable":true,"href":"https:\/\/www.europesays.com\/fr\/wp-json\/wp\/v2\/tags?post=207242"}],"curies":[{"name":"wp","href":"https:\/\/api.w.org\/{rel}","templated":true}]}}