{"id":207255,"date":"2025-06-27T02:11:12","date_gmt":"2025-06-27T02:11:12","guid":{"rendered":"https:\/\/www.europesays.com\/fr\/207255\/"},"modified":"2025-06-27T02:11:12","modified_gmt":"2025-06-27T02:11:12","slug":"le-psg-a-la-rescousse-de-lol-apres-la-decision-de-la-dncg-france-olympique-lyonnais","status":"publish","type":"post","link":"https:\/\/www.europesays.com\/fr\/207255\/","title":{"rendered":"Le PSG \u00e0 la rescousse de l\u2019OL apr\u00e8s la d\u00e9cision de la DNCG ? &#8211; France &#8211; Olympique lyonnais"},"content":{"rendered":"<p><a target=\"_blank\" href=\"https:\/\/www.sofoot.com\/breves\/john-textor-et-nasser-al-khelaifi-font-la-paix\" rel=\"noopener nofollow\">D\u2019ennemis jur\u00e9s \u00e0 BFF en seulement quelques mois<\/a>.<\/p>\n<p>Alors que l\u2019Olympique lyonnais nage en plein cauchemar depuis mardi soir et <strong><a target=\"_blank\" href=\"https:\/\/www.sofoot.com\/articles\/lol-retrograde-en-ligue-2-par-la-dncg-ce-qui-devait-arriver-arriva\" rel=\"noopener nofollow\">la d\u00e9cision de la DNCG de r\u00e9trograder le club en Ligue 2<\/a>, le PSG aurait fait un geste envers les Gones<\/strong>. Selon les informations du m\u00e9dia Paris Team, confirm\u00e9es par franceinfo, le club de la capitale aurait ainsi vers\u00e9 ce qu\u2019il devait encore dans le cadre du transfert de Bradley Barcola, n\u00e9goci\u00e9 \u00e0 l\u2019\u00e9t\u00e9 2023, mais dont les paiements s\u2019\u00e9talaient sur plusieurs ann\u00e9es. <strong>De quoi permettre \u00e0 l\u2019OL de disposer de davantage de liquidit\u00e9s pour tenter de sauver sa peau en appel<\/strong>, m\u00eame s\u2019il en faudra plus pour convaincre l\u2019instance.<\/p>\n<blockquote class=\"twitter-tweet\">\n<p lang=\"fr\" dir=\"ltr\">Le PSG a fait un \u00ab\u00a0geste\u00a0\u00bb aupr\u00e8s de l&rsquo;OL, en acceptant comme l&rsquo;indique <a target=\"_blank\" href=\"https:\/\/twitter.com\/Paristeamfr?ref_src=twsrc%5Etfw\" rel=\"nofollow noopener\">@Paristeamfr<\/a>, de r\u00e9gler l&rsquo;int\u00e9gralit\u00e9 de l&rsquo;indemnit\u00e9 de transfert de Bradley Barcola. Habituellement c&rsquo;est liss\u00e9 sur plusieurs saisons. Ce qui offre des liquidit\u00e9s suppl\u00e9mentaires. <a target=\"_blank\" href=\"https:\/\/twitter.com\/franceinfo?ref_src=twsrc%5Etfw\" rel=\"nofollow noopener\">@franceinfo<\/a> <a target=\"_blank\" href=\"https:\/\/t.co\/HirOoHkpyo\" rel=\"nofollow\">pic.twitter.com\/HirOoHkpyo<\/a><\/p>\n<p>\u2014 Julien Froment (@JulienFroment) <a target=\"_blank\" href=\"https:\/\/twitter.com\/JulienFroment\/status\/1938258839322702031?ref_src=twsrc%5Etfw\" rel=\"nofollow noopener\">June 26, 2025<\/a><\/p><\/blockquote>\n<p>Ils ne veulent pas acheter un petit joueur en plus en soldes au passage, les Parisiens ?<\/p>\n<p>\t\t\t\t\t\t\t\t\t\t<a class=\"lien-connexe\" href=\"https:\/\/www.sofoot.com\/breves\/psg-om-ol-cinq-clubs-francais-sont-dans-le-top-100-des-equipes-les-plus-suivies-au-monde-sur-les-reseaux-sociaux\" rel=\"nofollow noopener\" target=\"_blank\">Cinq clubs fran\u00e7ais dans le top 100 des \u00e9quipes les plus suivies au monde sur les r\u00e9seaux sociaux<\/a>\t\t\t\t\t<script async src=\"https:\/\/platform.twitter.com\/widgets.js\" charset=\"utf-8\"><\/script><\/p>\n","protected":false},"excerpt":{"rendered":"D\u2019ennemis jur\u00e9s \u00e0 BFF en seulement quelques mois. Alors que l\u2019Olympique lyonnais nage en plein cauchemar depuis mardi&hellip;\n","protected":false},"author":2,"featured_media":207256,"comment_status":"","ping_status":"","sticky":false,"template":"","format":"standard","meta":{"footnotes":""},"categories":[2],"tags":[47,11,61,69,65,64,63,1011,27,68,66,12,62,70,25,67],"class_list":{"0":"post-207255","1":"post","2":"type-post","3":"status-publish","4":"format-standard","5":"has-post-thumbnail","7":"category-actualites","8":"tag-actualite","9":"tag-actualites","10":"tag-actus-football","11":"tag-bundesliga","12":"tag-championnats-europeens","13":"tag-equipe-de-france","14":"tag-football","15":"tag-fr","16":"tag-france","17":"tag-ligua","18":"tag-ligue-1","19":"tag-news","20":"tag-news-foot","21":"tag-premier-league","22":"tag-republique-francaise","23":"tag-serie-a"},"share_on_mastodon":{"url":"https:\/\/pubeurope.com\/@fr\/114752905759881019","error":""},"_links":{"self":[{"href":"https:\/\/www.europesays.com\/fr\/wp-json\/wp\/v2\/posts\/207255","targetHints":{"allow":["GET"]}}],"collection":[{"href":"https:\/\/www.europesays.com\/fr\/wp-json\/wp\/v2\/posts"}],"about":[{"href":"https:\/\/www.europesays.com\/fr\/wp-json\/wp\/v2\/types\/post"}],"author":[{"embeddable":true,"href":"https:\/\/www.europesays.com\/fr\/wp-json\/wp\/v2\/users\/2"}],"replies":[{"embeddable":true,"href":"https:\/\/www.europesays.com\/fr\/wp-json\/wp\/v2\/comments?post=207255"}],"version-history":[{"count":0,"href":"https:\/\/www.europesays.com\/fr\/wp-json\/wp\/v2\/posts\/207255\/revisions"}],"wp:featuredmedia":[{"embeddable":true,"href":"https:\/\/www.europesays.com\/fr\/wp-json\/wp\/v2\/media\/207256"}],"wp:attachment":[{"href":"https:\/\/www.europesays.com\/fr\/wp-json\/wp\/v2\/media?parent=207255"}],"wp:term":[{"taxonomy":"category","embeddable":true,"href":"https:\/\/www.europesays.com\/fr\/wp-json\/wp\/v2\/categories?post=207255"},{"taxonomy":"post_tag","embeddable":true,"href":"https:\/\/www.europesays.com\/fr\/wp-json\/wp\/v2\/tags?post=207255"}],"curies":[{"name":"wp","href":"https:\/\/api.w.org\/{rel}","templated":true}]}}