{"id":207269,"date":"2025-06-27T02:21:10","date_gmt":"2025-06-27T02:21:10","guid":{"rendered":"https:\/\/www.europesays.com\/fr\/207269\/"},"modified":"2025-06-27T02:21:10","modified_gmt":"2025-06-27T02:21:10","slug":"cyclisme-championnats-de-suisse-schmid-frustre-bissegger-dun-rien-reusser-intouchable","status":"publish","type":"post","link":"https:\/\/www.europesays.com\/fr\/207269\/","title":{"rendered":"Cyclisme. Championnats de Suisse &#8211; Schmid frustre Bissegger d&rsquo;un rien, Reusser intouchable"},"content":{"rendered":"<p>S&rsquo;il y a bien un pays r\u00e9put\u00e9 pour faire \u00e9merger de solides rouleurs, c&rsquo;est bien la Suisse ! Avec <strong>Fabian Cancellara <\/strong>il y a quelques ann\u00e9es et plus r\u00e9cemment\u00a0<strong>Stefan Kung <\/strong>(Groupama-FDJ) ou <strong>Stefan Bissegger <\/strong>(Decathlon AG2R La Mondiale), tous deux sacr\u00e9s champion d&rsquo;Europe, le contre-la-montre suisse se porte bien. Et parmi ces champions, c&rsquo;est pourtant\u00a0<strong>Mauro Schmid <\/strong>(Team Jayco AlUla) qui s&rsquo;est impos\u00e9&#8230; pour une petite seconde devant le coureur de <strong>Decathlon AG2R La Mondiale<\/strong>, <strong><a href=\"https:\/\/www.cyclismactu.net\/..\/news-championnats-de-suisse-route-stefan-kung-a-chute-a-entrainement-et-forfait-88551.html\" target=\"_blank\" rel=\"nofollow noopener\">Stefan Kung<\/a> <\/strong>n&rsquo;\u00e9tait, quant \u00e0 lui, pas pr\u00e9sent \u00e0 cause d&rsquo;une chute survenue \u00e0 l&rsquo;entra\u00eenement. Chez les femmes par contre, il n&rsquo;y a pas eu vraiment de surprise puisque la triple championne d&rsquo;Europe de la discipline,\u00a0<strong><a href=\"https:\/\/www.cyclismactu.net\/..\/news-tour-de-suisse-femmes-route-marlen-reusser-je-me-dis-juste-wow-88371.html\" target=\"_blank\" rel=\"nofollow noopener\">Marlen Reusser<\/a> <\/strong>(Movistar Team), a facilement triomph\u00e9 et s&rsquo;impose pour la quatri\u00e8me fois, 1 minute devant <strong>Jasmin Liechti <\/strong>(NEXETIS).<\/p>\n<p>Vid\u00e9o &#8211; Ethan Hayter sur sa lanc\u00e9e du Tour de Belgique en chrono ! Lire la suite de l&rsquo;article&#13;<\/p>\n<p>\u00a0<\/p>\n<p>&#13;<br \/>\nLe drapeau suisse va briller sur les prochains Grands Tours&#13;<\/p>\n<p>Ce n&rsquo;est pas exag\u00e9r\u00e9 de dire que <strong>Marlen Reusser <\/strong>marche sur l&rsquo;eau depuis quelque temps. En effet, la Suissesse n&rsquo;a plus perdu depuis le 10 mai dernier, a r\u00e9cemment remport\u00e9 le <strong>Tour de Burgos <\/strong>et le <strong>Tour de Suisse<\/strong>, et sera certainement la grande favorite pour le prochain\u00a0<strong>Giro d&rsquo;Italia Women<\/strong>\u00a0et son prologue inaugural, o\u00f9 elle arborera donc son maillot de championne nationale. Pour <strong>Mauro Schmid<\/strong>, la suite est tout aussi limpide puisque l&rsquo;actuel champion de Suisse remettra son titre en jeu ce dimanche, esp\u00e9rant ainsi r\u00e9aliser le doubl\u00e9, avant de se diriger vers Lille et le d\u00e9part du <strong>Tour de France<\/strong>\u00a0o\u00f9 il est attendu comme un potentiel vainqueur d&rsquo;\u00e9tape.<\/p>\n<p>Championnats de Suisse &#8211; CLM Femmes &#8211; Classement g\u00e9n\u00e9ralChampionnats de Suisse &#8211; CLM Hommes &#8211; Classement g\u00e9n\u00e9ral<\/p>\n","protected":false},"excerpt":{"rendered":"S&rsquo;il y a bien un pays r\u00e9put\u00e9 pour faire \u00e9merger de solides rouleurs, c&rsquo;est bien la Suisse !&hellip;\n","protected":false},"author":2,"featured_media":207270,"comment_status":"","ping_status":"","sticky":false,"template":"","format":"standard","meta":{"footnotes":""},"categories":[1411],"tags":[34624,1154,207,211,1011,27,209,60,210,212,208,213],"class_list":{"0":"post-207269","1":"post","2":"type-post","3":"status-publish","4":"format-standard","5":"has-post-thumbnail","7":"category-cyclisme","8":"tag-championnats-de-suisse","9":"tag-cycling","10":"tag-cyclisme","11":"tag-ffc","12":"tag-fr","13":"tag-france","14":"tag-route","15":"tag-sports","16":"tag-tour-de-france","17":"tag-uci","18":"tag-velo","19":"tag-world-tour"},"share_on_mastodon":{"url":"https:\/\/pubeurope.com\/@fr\/114752945198713035","error":""},"_links":{"self":[{"href":"https:\/\/www.europesays.com\/fr\/wp-json\/wp\/v2\/posts\/207269","targetHints":{"allow":["GET"]}}],"collection":[{"href":"https:\/\/www.europesays.com\/fr\/wp-json\/wp\/v2\/posts"}],"about":[{"href":"https:\/\/www.europesays.com\/fr\/wp-json\/wp\/v2\/types\/post"}],"author":[{"embeddable":true,"href":"https:\/\/www.europesays.com\/fr\/wp-json\/wp\/v2\/users\/2"}],"replies":[{"embeddable":true,"href":"https:\/\/www.europesays.com\/fr\/wp-json\/wp\/v2\/comments?post=207269"}],"version-history":[{"count":0,"href":"https:\/\/www.europesays.com\/fr\/wp-json\/wp\/v2\/posts\/207269\/revisions"}],"wp:featuredmedia":[{"embeddable":true,"href":"https:\/\/www.europesays.com\/fr\/wp-json\/wp\/v2\/media\/207270"}],"wp:attachment":[{"href":"https:\/\/www.europesays.com\/fr\/wp-json\/wp\/v2\/media?parent=207269"}],"wp:term":[{"taxonomy":"category","embeddable":true,"href":"https:\/\/www.europesays.com\/fr\/wp-json\/wp\/v2\/categories?post=207269"},{"taxonomy":"post_tag","embeddable":true,"href":"https:\/\/www.europesays.com\/fr\/wp-json\/wp\/v2\/tags?post=207269"}],"curies":[{"name":"wp","href":"https:\/\/api.w.org\/{rel}","templated":true}]}}