{"id":207272,"date":"2025-06-27T02:23:10","date_gmt":"2025-06-27T02:23:10","guid":{"rendered":"https:\/\/www.europesays.com\/fr\/207272\/"},"modified":"2025-06-27T02:23:10","modified_gmt":"2025-06-27T02:23:10","slug":"toi-aussi-tes-alle-voir-un-psy-enorme-malaise-pour-lea-salame-apres-sa-question-osee-a-un-enfant","status":"publish","type":"post","link":"https:\/\/www.europesays.com\/fr\/207272\/","title":{"rendered":"\u00ab\u00a0Toi aussi t&rsquo;es all\u00e9 voir un psy ?\u00a0\u00bb : \u00e9norme malaise pour L\u00e9a Salam\u00e9 apr\u00e8s sa question os\u00e9e \u00e0 un enfant"},"content":{"rendered":"<p>Elle ne pensait pas mal faire, mais a tout de m\u00eame cr\u00e9\u00e9 un l\u00e9ger malaise. Avant de prendre les commandes du 20 heures de France 2, <a href=\"https:\/\/www.public.fr\/tag\/lea-salame\" target=\"_blank\" rel=\"noopener\">L\u00e9a Salam\u00e9<\/a> se consacre pleinement \u00e0 la matinale de France Inter avec <a href=\"https:\/\/www.public.fr\/nicolas-demorand-seffondre-en-larmes-en-evoquant-son-frere-sebastien-demorand-masterchef-decede\" target=\"_blank\" rel=\"noopener\">son partenaire Nicolas Demorrand.<\/a><\/p>\n<p>Ce jeudi 26 juin 2025, le duo a re\u00e7u plusieurs enfants du documentaire <strong>\u00ab\u00a0Grandir en France : les enfants ont la parole\u00a0\u00bb<\/strong>. De plus, Aur\u00e9lie Perreau, r\u00e9alisatrice du documentaire, ainsi la p\u00e9dopsychiatre Marie Rose Moro, faisaient \u00e9galement partie des invit\u00e9es.<\/p>\n<p>Mais c\u2019est en interrogeant les enfants que <a href=\"https:\/\/vsd.fr\/tag\/lea-salame\/\" target=\"_blank\" rel=\"noopener\">L\u00e9a Salam\u00e9<\/a> a visiblement mis les pieds dans le plat. Dans un premier temps, <a href=\"https:\/\/www.public.fr\/jt-de-20h-de-france-2-depart-de-france-inter-lea-salame-craque-et-fond-en-larmes\" target=\"_blank\" rel=\"noopener\">la compagne de Rapha\u00ebl Glucksmann<\/a> a pu interroger Elena, une jeune fille qui appr\u00e9hende de coupler le cordon avec ses parents comme le note Closer.<\/p>\n<p>L\u00e9a Salam\u00e9 met les pieds dans le plat, malaise dans la matinale<\/p>\n<p>Celle-ci a \u00e9galement avou\u00e9 avoir eu recours \u00e0 un psy pour ses difficult\u00e9s \u00e0 g\u00e9rer sa frustration. Anselmo, \u00e9galement invit\u00e9 de la matinale de France Inter, a \u00e9galement d\u00fb s\u2019entretenir avec un psy. N\u00e9anmoins, celui-ci n\u2019a pas souhait\u00e9 \u00e9voquer le sujet et, ce, malgr\u00e9 la tentative de L\u00e9a Salam\u00e9.\u00a0<\/p>\n<p>\u00ab\u00a0Toi aussi, Anselmo,\u00a0<strong>tu es all\u00e9 voir un psy.<\/strong>\u00a0C&rsquo;est aussi une g\u00e9n\u00e9ration o\u00f9 on va voir le p\u00e9dopsy, hein\u00a0\u00bb, a l\u00e2ch\u00e9 la journaliste, suscitant le malaise chez son jeune invit\u00e9. \u00ab\u00a0Bah, oui, je suis all\u00e9 voir un psy parce que\u00a0<strong>j&rsquo;avais des probl\u00e8mes avec des enfants dans mon \u00e9cole<\/strong>\u00a0il y a longtemps, mais je n&rsquo;ai pas trop envie de parler de \u00e7a, en fait\u00a0\u00bb, lui a-t-il avou\u00e9, g\u00ean\u00e9.\u00a0<\/p>\n<p>L\u00e9a Salam\u00e9 a tout de m\u00eame su rebondir et \u00e9viter un malaise encore plus profond. <strong>\u00ab\u00a0Eh bien on n&rsquo;en parle pas, alors\u00a0\u00bb<\/strong>, a-t-elle r\u00e9torqu\u00e9 afin de vite passer \u00e0 un autre sujet. De fait, son bin\u00f4me Nicolas Demorand a pris le relai pour se concentrer plus en d\u00e9tail sur le documentaire \u00e0 venir.\u00a0<\/p>\n<p>Le documentaire, diffus\u00e9 d\u00e9but juillet sur France 2<\/p>\n<p>Un documentaire que les t\u00e9l\u00e9spectateurs vont pouvoir d\u00e9couvrir le 1er juillet prochain sur France 2. Aur\u00e9lie Perreau, r\u00e9alisatrice du reportage, a d\u2019ailleurs confi\u00e9 \u00e0 L\u00e9a Salam\u00e9 et Nicolas Demorrand, avoir eu l\u2019id\u00e9e de film en 2023.<\/p>\n<p>\u00ab\u00a0Il\u00a0y avait ce d\u00e9bat dans la soci\u00e9t\u00e9 sur l&rsquo;\u00e9ducation positive\u00a0<a href=\"https:\/\/www.radiofrance.fr\/franceinter\/podcasts\/un-monde-nouveau\/un-monde-nouveau-du-jeudi-06-fevrier-2025-8283361\" target=\"_blank\" rel=\"noopener\">qui s&rsquo;opposait au retour de l&rsquo;autorit\u00e9<\/a>.\u00a0Tout le monde ne cessait de parler des enfants en disant &lsquo;ils sont trop accros aux \u00e9crans, ils sont trop mal-\u00e9lev\u00e9s, ils n&rsquo;ont plus de limites, ils sont incultes&rsquo;, et beaucoup d&rsquo;adultes disaient &lsquo;ils ont besoin de ceci, de cela&rsquo;, mais eux, on ne les entendait pas\u00a0\u00bb, a-t-elle expliqu\u00e9 aux journalistes.<\/p>\n<p>      Mentionn\u00e9s dans cet article<\/p>\n<p>\u00c0 lire aussi<\/p>\n","protected":false},"excerpt":{"rendered":"Elle ne pensait pas mal faire, mais a tout de m\u00eame cr\u00e9\u00e9 un l\u00e9ger malaise. Avant de prendre&hellip;\n","protected":false},"author":2,"featured_media":207273,"comment_status":"","ping_status":"","sticky":false,"template":"","format":"standard","meta":{"footnotes":""},"categories":[1359],"tags":[58,59,1011,27,9102,3806,3776,973],"class_list":{"0":"post-207272","1":"post","2":"type-post","3":"status-publish","4":"format-standard","5":"has-post-thumbnail","7":"category-people","8":"tag-divertissement","9":"tag-entertainment","10":"tag-fr","11":"tag-france","12":"tag-france-inter","13":"tag-lea-salame","14":"tag-nicolas-demorand","15":"tag-people"},"share_on_mastodon":{"url":"https:\/\/pubeurope.com\/@fr\/114752953276006522","error":""},"_links":{"self":[{"href":"https:\/\/www.europesays.com\/fr\/wp-json\/wp\/v2\/posts\/207272","targetHints":{"allow":["GET"]}}],"collection":[{"href":"https:\/\/www.europesays.com\/fr\/wp-json\/wp\/v2\/posts"}],"about":[{"href":"https:\/\/www.europesays.com\/fr\/wp-json\/wp\/v2\/types\/post"}],"author":[{"embeddable":true,"href":"https:\/\/www.europesays.com\/fr\/wp-json\/wp\/v2\/users\/2"}],"replies":[{"embeddable":true,"href":"https:\/\/www.europesays.com\/fr\/wp-json\/wp\/v2\/comments?post=207272"}],"version-history":[{"count":0,"href":"https:\/\/www.europesays.com\/fr\/wp-json\/wp\/v2\/posts\/207272\/revisions"}],"wp:featuredmedia":[{"embeddable":true,"href":"https:\/\/www.europesays.com\/fr\/wp-json\/wp\/v2\/media\/207273"}],"wp:attachment":[{"href":"https:\/\/www.europesays.com\/fr\/wp-json\/wp\/v2\/media?parent=207272"}],"wp:term":[{"taxonomy":"category","embeddable":true,"href":"https:\/\/www.europesays.com\/fr\/wp-json\/wp\/v2\/categories?post=207272"},{"taxonomy":"post_tag","embeddable":true,"href":"https:\/\/www.europesays.com\/fr\/wp-json\/wp\/v2\/tags?post=207272"}],"curies":[{"name":"wp","href":"https:\/\/api.w.org\/{rel}","templated":true}]}}