{"id":207278,"date":"2025-06-27T02:26:21","date_gmt":"2025-06-27T02:26:21","guid":{"rendered":"https:\/\/www.europesays.com\/fr\/207278\/"},"modified":"2025-06-27T02:26:21","modified_gmt":"2025-06-27T02:26:21","slug":"un-incident-technique-perturbe-la-diffusion-de-la-meilleure-boulangerie-de-france-m6-presente-ses-excuses-aux-telespectateurs-video","status":"publish","type":"post","link":"https:\/\/www.europesays.com\/fr\/207278\/","title":{"rendered":"Un incident technique perturbe la diffusion de La meilleure boulangerie de France, M6 pr\u00e9sente ses excuses aux t\u00e9l\u00e9spectateurs (VIDEO)"},"content":{"rendered":"<p>La diffusion de La meilleure boulangerie de France sur M6 a \u00e9t\u00e9 interrompue ce jeudi 26 juin par un bug technique. La cha\u00eene a pr\u00e9sent\u00e9 ses excuses sur X.<\/p>\n<p>Apr\u00e8s de longues semaines de recherche,<a href=\"https:\/\/www.programme-tv.net\/news\/tv\/381454-la-meilleure-boulangerie-de-france-quand-sera-diffusee-la-finale-sur-m6\/\" data-api-deeplink=\"teleloisirs:\/\/news\/381454\" target=\"_blank\" rel=\"noopener\"> la comp\u00e9tition touche \u00e0 sa fin dans La meilleure boulangerie de France<\/a>. Depuis ce lundi 23 juin, les trois juges de l&rsquo;\u00e9mission, Bruno Cormerais, Meilleur Ouvrier de France boulanger, No\u00ebmie Honiat, cheffe p\u00e2tissi\u00e8re, et Michel Sarran, chef cuisinier, ont la lourde t\u00e2che de tenter de d\u00e9partager les 24 meilleurs \u00e9tablissements, parmi les 240 qu&rsquo;il ont visit\u00e9s, pour la semaine de la finale. Deux \u00e9quipes se sont d\u00e9j\u00e0 qualifi\u00e9es pour l&rsquo;ultime \u00e9tape, qui aura lieu ce vendredi 27 juin. Il ne restait qu&rsquo;une place en finale \u00e0 d\u00e9crocher, ce jeudi 26 juin. Les quatre derniers bin\u00f4mes en course devaient \u00ab\u00a0imaginer un go\u00fbter ludique et savoureux\u00a0\u00bb \u00e0 partir d&rsquo;un ingr\u00e9dient impos\u00e9, le pralin\u00e9.<\/p>\n<p>M6 pr\u00e9sente ses excuses au t\u00e9l\u00e9spectateurs sur X<\/p>\n<p>Alors que des candidats tentaient d&rsquo;\u00e9laborer eux-m\u00eames leur premier pralin\u00e9 maison, malgr\u00e9 les r\u00e9serves du jury, un bug est venu interrompre l&rsquo;\u00e9mission de M6 pendant de longues minutes. L&rsquo;image s&rsquo;est fig\u00e9e sur les noisettes recouvertes de caramel. C&rsquo;est finalement \u00e0 18h52 que l&rsquo;\u00e9mission a repris son cours normal. La cha\u00eene a tenu \u00e0 s&rsquo;excuser aupr\u00e8s des t\u00e9l\u00e9spectateurs sur son compte X. \u00ab\u00a0Nous pr\u00e9sentons nos excuses aux t\u00e9l\u00e9spectateurs pour l\u2019incident technique qui s\u2019est produit sur notre cha\u00eene \u00e0 18h45 pendant La Meilleure Boulangerie de France. Vous pouvez retrouver le programme \u00e0 tout moment sur M6+\u00a0\u00bb, a-t-elle mentionn\u00e9.<\/p>\n<p>                        Une \u00e9preuve relev\u00e9e pour la finale de La meilleure boulangerie de France<\/p>\n<p>Ce vendredi 27 juin, pour la grande finale de La meilleure boulangerie de France, les trois bin\u00f4mes de candidats devront pr\u00e9parer un buffet d\u00eenatoire d\u2019exception. Pour pimenter encore la comp\u00e9tition, quatre Meilleurs Ouvriers de France &#8211;  Fr\u00e9d\u00e9ric Jaunault (primeur), Xavier Thuret (fromager), Ga\u00ebl Radigon (charcutier-traiteur) et Sonia Bichet (poissonni\u00e8re-\u00e9cailleuse) &#8211; viendront imposer des contraintes compl\u00e9mentaires aux artisans encore en lice. A l&rsquo;issue de cette \u00e9preuve, on saura enfin quelle boulangerie succ\u00e9dera \u00e0 de <a href=\"https:\/\/www.programme-tv.net\/news\/tv\/356014-la-meilleure-boulangerie-de-france-qui-a-gagne-la-saison-11-du-concours-de-m6\/\" data-api-deeplink=\"teleloisirs:\/\/news\/356014\" target=\"_blank\" rel=\"noopener\">Lucien et Sylvain Gautier, vainqueurs de la saison derni\u00e8re<\/a>.<\/p>\n<blockquote class=\"twitter-tweet\">\n<p lang=\"fr\" dir=\"ltr\">Nous pr\u00e9sentons nos excuses aux t\u00e9l\u00e9spectateurs pour l\u2019incident technique qui s\u2019est produit sur notre cha\u00eene \u00e0 18h45 pendant La Meilleure Boulangerie de France. Vous pouvez retrouver le programme \u00e0 tout moment sur M6+.<\/p>\n<p>\u2014 M6 (@M6) <a href=\"https:\/\/twitter.com\/M6\/status\/1938293626200854675?ref_src=twsrc%5Etfw\" target=\"_blank\" rel=\"noopener\">June 26, 2025<\/a><\/p><\/blockquote>\n<p>        <script async src=\"https:\/\/platform.twitter.com\/widgets.js\" charset=\"utf-8\"><\/script><\/p>\n","protected":false},"excerpt":{"rendered":"La diffusion de La meilleure boulangerie de France sur M6 a \u00e9t\u00e9 interrompue ce jeudi 26 juin par&hellip;\n","protected":false},"author":2,"featured_media":207279,"comment_status":"","ping_status":"","sticky":false,"template":"","format":"standard","meta":{"footnotes":""},"categories":[1356],"tags":[34626,244,58,59,1011,27,34628,494,34627,34625,252,1364],"class_list":{"0":"post-207278","1":"post","2":"type-post","3":"status-publish","4":"format-standard","5":"has-post-thumbnail","7":"category-television","8":"tag-bruno-cormerais","9":"tag-commentaire","10":"tag-divertissement","11":"tag-entertainment","12":"tag-fr","13":"tag-france","14":"tag-la-meilleure-boulangerie-de-france","15":"tag-m6","16":"tag-michel-sarran","17":"tag-nou00e9mie-honiat","18":"tag-television","19":"tag-tv"},"share_on_mastodon":{"url":"https:\/\/pubeurope.com\/@fr\/114752964802718148","error":""},"_links":{"self":[{"href":"https:\/\/www.europesays.com\/fr\/wp-json\/wp\/v2\/posts\/207278","targetHints":{"allow":["GET"]}}],"collection":[{"href":"https:\/\/www.europesays.com\/fr\/wp-json\/wp\/v2\/posts"}],"about":[{"href":"https:\/\/www.europesays.com\/fr\/wp-json\/wp\/v2\/types\/post"}],"author":[{"embeddable":true,"href":"https:\/\/www.europesays.com\/fr\/wp-json\/wp\/v2\/users\/2"}],"replies":[{"embeddable":true,"href":"https:\/\/www.europesays.com\/fr\/wp-json\/wp\/v2\/comments?post=207278"}],"version-history":[{"count":0,"href":"https:\/\/www.europesays.com\/fr\/wp-json\/wp\/v2\/posts\/207278\/revisions"}],"wp:featuredmedia":[{"embeddable":true,"href":"https:\/\/www.europesays.com\/fr\/wp-json\/wp\/v2\/media\/207279"}],"wp:attachment":[{"href":"https:\/\/www.europesays.com\/fr\/wp-json\/wp\/v2\/media?parent=207278"}],"wp:term":[{"taxonomy":"category","embeddable":true,"href":"https:\/\/www.europesays.com\/fr\/wp-json\/wp\/v2\/categories?post=207278"},{"taxonomy":"post_tag","embeddable":true,"href":"https:\/\/www.europesays.com\/fr\/wp-json\/wp\/v2\/tags?post=207278"}],"curies":[{"name":"wp","href":"https:\/\/api.w.org\/{rel}","templated":true}]}}