{"id":207292,"date":"2025-06-27T02:33:12","date_gmt":"2025-06-27T02:33:12","guid":{"rendered":"https:\/\/www.europesays.com\/fr\/207292\/"},"modified":"2025-06-27T02:33:12","modified_gmt":"2025-06-27T02:33:12","slug":"voici-le-montant-que-vous-allez-toucher-en-plus-a-partir-de-novembre","status":"publish","type":"post","link":"https:\/\/www.europesays.com\/fr\/207292\/","title":{"rendered":"voici le montant que vous allez toucher en plus \u00e0 partir de novembre"},"content":{"rendered":"<p>Avec une inflation plus faible que pr\u00e9vu, la revalorisation de la retraite compl\u00e9mentaire Agirc-Arrco s\u2019annonce limit\u00e9e pour le 1er novembre 2025. Voici \u00e0 quoi s\u2019attendre en quelques chiffres, et pourquoi le calcul ne laisse que peu d\u2019espoir aux retrait\u00e9s du priv\u00e9.<\/p>\n<p>0,5 % ou 0,9 % ? C\u2019est la question que se posent pr\u00e8s de 13 millions de <a href=\"https:\/\/www.pleinevie.fr\/retraite-travail\/retraite\/retraite-agirc-arrco-attention-ce-gros-changement-peut-modifier-du-tout-au-tout-votre-pension-162960.html\" rel=\"nofollow noopener\" target=\"_blank\">retrait\u00e9s affili\u00e9s \u00e0 l\u2019Agirc-Arrco<\/a>. Alors que l\u2019inflation reste timide en 2025, <a href=\"https:\/\/www.pleinevie.fr\/retraite-travail\/retraite\/retraite-agirc-arrco-voici-la-date-de-la-prochaine-augmentation-des-pensions-et-son-montant-162445.html\" rel=\"nofollow noopener\" target=\"_blank\">la revalorisation de leur pension compl\u00e9mentaire<\/a> s\u2019annonce, elle aussi, particuli\u00e8rement modeste. L\u2019Insee a publi\u00e9 le 18 juin, une premi\u00e8re estimation de l\u2019<strong>inflation annuelle hors tabac<\/strong> en 2025 : +0,9 %. Ce chiffre, crucial, d\u00e9termine directement la hausse de la pension Agirc-Arrco. \u00c0 partir de cette base, une formule stricte est appliqu\u00e9e, et le r\u00e9sultat risque de d\u00e9cevoir bien des retrait\u00e9s.<\/p>\n<p> \t\t\t  \u00c0 quelle date votre retraite Agirc-Arrco sera-t-elle augment\u00e9e ?  <\/p>\n<p>Chaque ann\u00e9e, la <strong>revalorisation de la retraite compl\u00e9mentaire<\/strong> Agirc-Arrco intervient au 1er novembre. En pratique, cette hausse est visible sur le versement effectu\u00e9 quelques jours plus tard. En 2025, le 1er novembre tombe un samedi, et le virement sera donc effectu\u00e9 le lundi 3 novembre.<\/p>\n<p>Voici le <strong>calendrier des versements Agirc-Arrco pour 2025<\/strong> :<\/p>\n<ul>\n<li>Janvier : jeudi 2 janvier<\/li>\n<li>F\u00e9vrier : lundi 3 f\u00e9vrier<\/li>\n<li>Mars : lundi 3 mars<\/li>\n<li>Avril : mardi 1er avril<\/li>\n<li>Mai : vendredi 2 mai<\/li>\n<li>Juin : lundi 2 juin<\/li>\n<li>Juillet : mardi 1er juillet<\/li>\n<li>Ao\u00fbt : vendredi 1er ao\u00fbt<\/li>\n<li>Septembre : lundi 1er septembre<\/li>\n<li>Octobre : mercredi 1er octobre<\/li>\n<li><strong>Novembre : lundi 3 novembre<\/strong><\/li>\n<li>D\u00e9cembre : lundi 1er d\u00e9cembre<\/li>\n<\/ul>\n<p>  Comment est calcul\u00e9e l\u2019augmentation de votre pension Agirc-Arrco ?  <\/p>\n<p>La revalorisation repose sur une formule d\u00e9finie par l\u2019accord interprofessionnel du 5 octobre 2023. Le texte pr\u00e9cise que la <strong>valeur de service du point Agirc-Arrco<\/strong> \u00e9volue chaque ann\u00e9e \u00ab\u00a0comme les prix \u00e0 la consommation hors tabac, moins un facteur de soutenabilit\u00e9 de 0,4 point\u00a0\u00bb, rappelle <a href=\"https:\/\/www.moneyvox.fr\/retraite\/actualites\/103852\/retraite-agirc-arrco-quelle-augmentation-pour-la-prochaine-hausse-du-1er-novembre-2025?utm_bloc=8513&amp;utm_content=titre&amp;utm_source=moneyvox&amp;utm_medium=email&amp;utm_campaign=lettre-essentiel\" rel=\"nofollow noopener\" target=\"_blank\">MoneyVox<\/a>. En clair, si l\u2019inflation annuelle hors tabac est estim\u00e9e \u00e0 +0,9 %, la revalorisation peut aller de +0,5 % (soit 0,9 \u2013 0,4) \u00e0 +0,9 % (si le conseil d\u2019administration d\u00e9cide de ne pas appliquer de d\u00e9cote). Il est aussi pr\u00e9cis\u00e9 que la valeur du point ne peut jamais baisser, ni d\u00e9passer <a href=\"https:\/\/www.pleinevie.fr\/retraite-travail\/retraite\/jai-ete-plombier-toute-ma-vie-mais-je-ne-roule-pas-sur-lor-voici-le-montant-de-ma-retraite-162786.html\" rel=\"nofollow noopener\" target=\"_blank\">l\u2019\u00e9volution des salaires<\/a>. Un rattrapage est possible si l\u2019inflation constat\u00e9e s\u2019\u00e9carte trop des pr\u00e9visions, mais pour 2025, ce n\u2019est pas \u00e0 l\u2019ordre du jour.<\/p>\n<p>     Entre +0,5 % et +0,9 % : ce que pr\u00e9voit l\u2019Agirc-Arrco pour novembre 2025  <\/p>\n<p>L\u2019annonce de l\u2019Insee ce mercredi 18 juin est tomb\u00e9e : l\u2019<strong>inflation moyenne annuelle hors tabac<\/strong> pour 2025 est estim\u00e9e \u00e0 +0,9 %. C\u2019est moins que ce qu\u2019esp\u00e9raient les \u00e9conomistes, et bien en dessous des pr\u00e9visions initiales de la Banque de France qui anticipait un chiffre au-dessus de 1 %. Cette estimation contraint fortement la marge de man\u0153uvre de l\u2019Agirc-Arrco. Le conseil d\u2019administration tranchera entre fin septembre et d\u00e9but octobre, mais le sc\u00e9nario le plus probable reste une hausse symbolique comprise entre +0,5 % et +0,9 %. Une revalorisation d\u00e9cevante pour <a href=\"https:\/\/www.pleinevie.fr\/retraite-travail\/retraite\/retraites-cest-dans-ce-pays-europeen-que-lon-touche-la-plus-grosse-pension-et-cest-162621.html\" rel=\"nofollow noopener\" target=\"_blank\">les retrait\u00e9s du priv\u00e9<\/a>, d\u2019autant que dans le m\u00eame temps, la pension de base vers\u00e9e par la Carsat pourrait, elle, progresser de plus de 1 % au 1er janvier 2026.<\/p>\n","protected":false},"excerpt":{"rendered":"Avec une inflation plus faible que pr\u00e9vu, la revalorisation de la retraite compl\u00e9mentaire Agirc-Arrco s\u2019annonce limit\u00e9e pour le&hellip;\n","protected":false},"author":2,"featured_media":207293,"comment_status":"","ping_status":"","sticky":false,"template":"","format":"standard","meta":{"footnotes":""},"categories":[6],"tags":[1102,35,10281,33,34,1011,27],"class_list":{"0":"post-207292","1":"post","2":"type-post","3":"status-publish","4":"format-standard","5":"has-post-thumbnail","7":"category-economie","8":"tag-breakingnews","9":"tag-business","10":"tag-buzz-nonli","11":"tag-economie","12":"tag-economy","13":"tag-fr","14":"tag-france"},"share_on_mastodon":{"url":"","error":""},"_links":{"self":[{"href":"https:\/\/www.europesays.com\/fr\/wp-json\/wp\/v2\/posts\/207292","targetHints":{"allow":["GET"]}}],"collection":[{"href":"https:\/\/www.europesays.com\/fr\/wp-json\/wp\/v2\/posts"}],"about":[{"href":"https:\/\/www.europesays.com\/fr\/wp-json\/wp\/v2\/types\/post"}],"author":[{"embeddable":true,"href":"https:\/\/www.europesays.com\/fr\/wp-json\/wp\/v2\/users\/2"}],"replies":[{"embeddable":true,"href":"https:\/\/www.europesays.com\/fr\/wp-json\/wp\/v2\/comments?post=207292"}],"version-history":[{"count":0,"href":"https:\/\/www.europesays.com\/fr\/wp-json\/wp\/v2\/posts\/207292\/revisions"}],"wp:featuredmedia":[{"embeddable":true,"href":"https:\/\/www.europesays.com\/fr\/wp-json\/wp\/v2\/media\/207293"}],"wp:attachment":[{"href":"https:\/\/www.europesays.com\/fr\/wp-json\/wp\/v2\/media?parent=207292"}],"wp:term":[{"taxonomy":"category","embeddable":true,"href":"https:\/\/www.europesays.com\/fr\/wp-json\/wp\/v2\/categories?post=207292"},{"taxonomy":"post_tag","embeddable":true,"href":"https:\/\/www.europesays.com\/fr\/wp-json\/wp\/v2\/tags?post=207292"}],"curies":[{"name":"wp","href":"https:\/\/api.w.org\/{rel}","templated":true}]}}