{"id":207297,"date":"2025-06-27T02:36:28","date_gmt":"2025-06-27T02:36:28","guid":{"rendered":"https:\/\/www.europesays.com\/fr\/207297\/"},"modified":"2025-06-27T02:36:28","modified_gmt":"2025-06-27T02:36:28","slug":"la-cfdt-se-felicite-de-voir-certaines-de-ses-revendications-reprises-par-francois-bayrou","status":"publish","type":"post","link":"https:\/\/www.europesays.com\/fr\/207297\/","title":{"rendered":"la CFDT se f\u00e9licite de voir certaines de ses revendications reprises par Fran\u00e7ois Bayrou"},"content":{"rendered":"<p>Alors que Fran\u00e7ois Bayrou \u00e9voque un \u00abcompromis \u00e0 port\u00e9e de main\u00bb, les syndicats restent partag\u00e9s entre satisfaction partielle et critiques sur la m\u00e9thode gouvernementale.<\/p>\n<p class=\"fig-paragraph\">Les syndicats affichent des positions contrast\u00e9es face aux derni\u00e8res annonces de Fran\u00e7ois Bayrou sur le dossier des retraites, ce jeudi. \u00abIl y a des revendications CFDT qui ont \u00e9t\u00e9 act\u00e9es par le Premier ministre\u00bb, notamment \u00abdes mesures en faveur des femmes\u00bb, rel\u00e8ve le num\u00e9ro deux et n\u00e9gociateur du premier syndicat fran\u00e7ais,\u00a0<a href=\"http:\/\/www.lefigaro.fr\/flash-eco\/face-a-une-siderurgie-en-grand-danger-de-disparition-la-cfdt-demande-une-vraie-politique-industrielle-20250625\" data-fig-type=\"NewsFlash\" data-gtm-custom-categorie=\"navigation\" data-gtm-custom-action=\"crossclick\" data-gtm-custom-label=\"Contextuel\" data-gtm-event=\"customEventSPE\" data-fig-domain=\"LEFIGARO\" target=\"_blank\" rel=\"noopener\">Yvan Ricordeau<\/a>. Il rappelle toutefois que \u00abla p\u00e9nibilit\u00e9 et l\u2019\u00e9quilibre financier ne sont pas deux mesures parmi d\u2019autres, c\u2019est le c\u0153ur du probl\u00e8me depuis le d\u00e9part\u00bb des discussions sur les retraites, m\u00eame si Fran\u00e7ois Bayrou a estim\u00e9 qu\u2019un \u00abcompromis\u00bb \u00e9tait \u00ab\u00e0 port\u00e9e de main\u00bb sur ces deux dossiers.<\/p>\n<p class=\"fig-paragraph\">Lors d\u2019une conf\u00e9rence de presse, le Premier ministre a d\u2019abord salu\u00e9 des \u00abavanc\u00e9es\u00bb, notamment sur la volont\u00e9 \u00abd\u2019am\u00e9liorer sensiblement et imm\u00e9diatement les retraites des femmes (&#8230;) ayant eu des enfants\u00bb. Il a \u00e9galement annonc\u00e9 qu\u2019un compromis avait \u00e9t\u00e9 trouv\u00e9 entre les partenaires sociaux pour diminuer l\u2019\u00e2ge de d\u00e9part \u00e0 taux plein de 67 ans \u00e0 66 ans et demi. Sur les points en suspens, Fran\u00e7ois Bayrou a jug\u00e9 \u00ab\u00e0 port\u00e9e de main\u00bb un compromis sur le volet de la p\u00e9nibilit\u00e9, principal point d\u2019achoppement entre partenaires sociaux. Il a affirm\u00e9 que les n\u00e9gociations allaient se poursuivre dans les prochains jours dans des modalit\u00e9s qu\u2019il n\u2019a pas pr\u00e9cis\u00e9es.<\/p>\n<p>Un travail \u00abremarquablement utile\u00bb<\/p>\n<p class=\"fig-paragraph\">Concernant la suite, la CFDT &#8211; l\u2019un des trois syndicats ayant discut\u00e9 jusqu\u2019au terme du conclave avec la CFTC et la CFE-CGC &#8211; prendra sa d\u00e9cision au bureau national vendredi matin, a-t-il pr\u00e9cis\u00e9. Le leader de\u00a0<a href=\"http:\/\/www.lefigaro.fr\/flash-actu\/cyril-chabanier-elu-president-de-la-cftc-pour-quatre-ans-20191107\" data-fig-type=\"NewsFlash\" data-gtm-custom-categorie=\"navigation\" data-gtm-custom-action=\"crossclick\" data-gtm-custom-label=\"Contextuel\" data-gtm-event=\"customEventSPE\" data-fig-domain=\"LEFIGARO\" target=\"_blank\" rel=\"noopener\">la CFTC, Cyril Chabanier<\/a>, a lui rappel\u00e9 que \u00abpour l\u2019instant, les n\u00e9gociations sont termin\u00e9es, il n\u2019y pas de nouvelle r\u00e9union\u00bb. \u00abSi le patronat passe un coup de fil en disant on est pr\u00eat \u00e0 faire un dernier effort sur la p\u00e9nibilit\u00e9, on d\u00e9crochera\u00bb, a-t-il ajout\u00e9 sur BFMTV. Plus t\u00f4t, il avait estim\u00e9 aupr\u00e8s que, \u00absur la d\u00e9cote \u00e0 66,5 ans et les femmes, je ne dirais pas que c\u2019est nul. Dans l\u2019ensemble, \u00e7a ne suffit pas\u00bb.<\/p>\n<p class=\"fig-paragraph\">Trois jours apr\u00e8s la s\u00e9paration sans accord du conclave sur les retraites, mis en place apr\u00e8s son arriv\u00e9e \u00e0 Matignon pour \u00e9viter la censure des socialistes, Fran\u00e7ois Bayrou n\u2019en a pas moins salu\u00e9 un travail \u00abremarquablement utile\u00bb, se disant \u00abimpressionn\u00e9 par les progr\u00e8s\u00bb entre syndicats et patronat, \u00abun signe d\u2019espoir pour la d\u00e9mocratie sociale\u00bb.<\/p>\n<p class=\"fig-paragraph\">Le\u00a0<a href=\"http:\/\/www.lefigaro.fr\/conjoncture\/independants-rajeunissement-et-feminisation-les-defis-mondiaux-des-syndicats-20220505\" data-fig-type=\"NewsFlash\" data-gtm-custom-categorie=\"navigation\" data-gtm-custom-action=\"crossclick\" data-gtm-custom-label=\"Contextuel\" data-gtm-event=\"customEventSPE\" data-fig-domain=\"LEFIGARO\" target=\"_blank\" rel=\"noopener\">Syndicat des ind\u00e9pendants et des TPE<\/a>\u00a0(SDI), s\u2019est lui \u00e9tonn\u00e9 de \u00abvoir le gouvernement fuir les moments o\u00f9 il pourrait montrer qu\u2019il pilote r\u00e9ellement ce pays\u00bb. Le SDI estime ainsi que la question si \u00e9pineuse des retraites \u00abm\u00e9rite mieux qu\u2019un calendrier repouss\u00e9 \u00e0 l\u2019automne, un silence sur les arbitrages et une communication \u00e0 vide.\u00bb<\/p>\n","protected":false},"excerpt":{"rendered":"Alors que Fran\u00e7ois Bayrou \u00e9voque un \u00abcompromis \u00e0 port\u00e9e de main\u00bb, les syndicats restent partag\u00e9s entre satisfaction partielle&hellip;\n","protected":false},"author":2,"featured_media":207298,"comment_status":"","ping_status":"","sticky":false,"template":"","format":"standard","meta":{"footnotes":""},"categories":[2],"tags":[11,8334,343,1270,8327,13175,8324,8328,257,590,8333,1011,27,431,8329,12,8325,8331,8332,8323,8322,137,1019,801,3427,8330,8326],"class_list":{"0":"post-207297","1":"post","2":"type-post","3":"status-publish","4":"format-standard","5":"has-post-thumbnail","7":"category-actualites","8":"tag-actualites","9":"tag-actualites-sociales","10":"tag-cac-40","11":"tag-cfdt","12":"tag-comoite-dentreprise","13":"tag-conclave","14":"tag-conjoncture","15":"tag-elections-syndicales","16":"tag-entreprise","17":"tag-finance","18":"tag-fiscalite-des-entreprises","19":"tag-fr","20":"tag-france","21":"tag-francois-bayrou","22":"tag-gestion-entreprise","23":"tag-news","24":"tag-oeuvres-sociales","25":"tag-pme","26":"tag-pmi","27":"tag-primes","28":"tag-ressources-humaines","29":"tag-retraite","30":"tag-rh","31":"tag-social","32":"tag-syndicats","33":"tag-tpe","34":"tag-trseorerie"},"share_on_mastodon":{"url":"https:\/\/pubeurope.com\/@fr\/114753004125625632","error":""},"_links":{"self":[{"href":"https:\/\/www.europesays.com\/fr\/wp-json\/wp\/v2\/posts\/207297","targetHints":{"allow":["GET"]}}],"collection":[{"href":"https:\/\/www.europesays.com\/fr\/wp-json\/wp\/v2\/posts"}],"about":[{"href":"https:\/\/www.europesays.com\/fr\/wp-json\/wp\/v2\/types\/post"}],"author":[{"embeddable":true,"href":"https:\/\/www.europesays.com\/fr\/wp-json\/wp\/v2\/users\/2"}],"replies":[{"embeddable":true,"href":"https:\/\/www.europesays.com\/fr\/wp-json\/wp\/v2\/comments?post=207297"}],"version-history":[{"count":0,"href":"https:\/\/www.europesays.com\/fr\/wp-json\/wp\/v2\/posts\/207297\/revisions"}],"wp:featuredmedia":[{"embeddable":true,"href":"https:\/\/www.europesays.com\/fr\/wp-json\/wp\/v2\/media\/207298"}],"wp:attachment":[{"href":"https:\/\/www.europesays.com\/fr\/wp-json\/wp\/v2\/media?parent=207297"}],"wp:term":[{"taxonomy":"category","embeddable":true,"href":"https:\/\/www.europesays.com\/fr\/wp-json\/wp\/v2\/categories?post=207297"},{"taxonomy":"post_tag","embeddable":true,"href":"https:\/\/www.europesays.com\/fr\/wp-json\/wp\/v2\/tags?post=207297"}],"curies":[{"name":"wp","href":"https:\/\/api.w.org\/{rel}","templated":true}]}}