{"id":207299,"date":"2025-06-27T02:37:10","date_gmt":"2025-06-27T02:37:10","guid":{"rendered":"https:\/\/www.europesays.com\/fr\/207299\/"},"modified":"2025-06-27T02:37:10","modified_gmt":"2025-06-27T02:37:10","slug":"envie-rhone-alpes-le-site-stephanois-sous-la-menace-dune-fermeture","status":"publish","type":"post","link":"https:\/\/www.europesays.com\/fr\/207299\/","title":{"rendered":"ENVIE RH\u00d4NE-ALPES : LE SITE ST\u00c9PHANOIS SOUS LA MENACE D&rsquo;UNE FERMETURE"},"content":{"rendered":"<p>Cette d\u00e9cision de justice place notamment en p\u00e9ril le site de Saint-\u00c9tienne, inaugur\u00e9 dans le quartier du Soleil en juin 2023, alors que les autres entit\u00e9s du groupe \u00e9chappent \u00e0 cette crise financi\u00e8re. Cet \u00e9tablissement flambant neuf avait pourtant b\u00e9n\u00e9fici\u00e9 d\u2019un investissement cons\u00e9quent de 4 millions d\u2019euros, avec des objectifs ambitieux : atteindre 5 millions d\u2019euros de chiffre d\u2019affaires en trois ans et doubler les effectifs. Con\u00e7u comme un site pilote pour la r\u00e9gion, il devait incarner l\u2019excellence dans le domaine du r\u00e9emploi et de la r\u00e9novation d\u2019\u00e9quipements \u00e9lectriques et \u00e9lectroniques.<\/p>\n<p>Un contexte \u00e9conomique d\u00e9favorable<\/p>\n<p>Selon Guido Locatelli, directeur de la structure, plusieurs facteurs expliquent ces difficult\u00e9s. La loi Agec a modifi\u00e9 la donne en faisant \u00e9merger de nouveaux concurrents sur un march\u00e9 qui se restructure profond\u00e9ment. L\u2019association avait mis\u00e9 sur des investissements massifs au moment o\u00f9 le mod\u00e8le \u00e9conomique se d\u00e9gradait, cr\u00e9ant un d\u00e9calage fatal entre les ambitions et la r\u00e9alit\u00e9.<\/p>\n<p>Quarante emplois en danger \u00e0 Saint-\u00c9tienne<\/p>\n<p>Cette situation critique menace directement l\u2019emploi local avec la suppression envisag\u00e9e de 40 postes sur le site st\u00e9phanois, dans le cadre d\u2019une r\u00e9duction plus large touchant 130 emplois r\u00e9partis sur les sites de Villeurbanne et Grenoble. Les co\u00fbts de structure se r\u00e9v\u00e8lent disproportionn\u00e9s par rapport au niveau de d\u00e9veloppement atteint.<\/p>\n<p>Malgr\u00e9 les difficult\u00e9s, la direction refuse de baisser les bras. Un plan de restructuration vise un retour \u00e0 l\u2019\u00e9quilibre financier d\u2019ici 2026, combinant r\u00e9ductions d\u2019effectifs et optimisation des processus productifs. L\u2019association dispose d\u2019une p\u00e9riode d\u2019observation de six mois, renouvelable une fois, pour mettre en \u0153uvre sa strat\u00e9gie de redressement.<\/p>\n<p>Une concurrence accrue qui complique la donne<\/p>\n<p>Le march\u00e9 du r\u00e9emploi fait d\u00e9sormais face \u00e0 l\u2019arriv\u00e9e de start-up ayant lev\u00e9 des fonds importants, mais d\u00e9pourvues de la dimension d\u2019insertion sociale qui caract\u00e9rise Envie. Parall\u00e8lement, la grande distribution s\u2019accapare les \u00e9quipements les plus int\u00e9ressants, laissant aux associations les produits les moins valorisables.<\/p>\n<p>Au-del\u00e0 des questions concurrentielles, l\u2019association doit composer avec la stagnation du pouvoir d\u2019achat qui freine la demande, tandis que ses co\u00fbts augmentent (hausse du Smic et de l\u2019\u00e9nergie). Cette \u00e9quation \u00e9conomique complexe rend d\u2019autant plus difficile le maintien de l\u2019activit\u00e9.<\/p>\n<p>Pourtant, l\u2019utilit\u00e9 de cette structure ne fait pas de doute. Pr\u00e9sente sur sept sites dans trois d\u00e9partements (Loire, Is\u00e8re et Rh\u00f4ne), elle traite annuellement 10 000 appareils \u00e9lectrom\u00e9nagers, \u00e9vitant ainsi 500 tonnes de d\u00e9chets et 3 000 tonnes d\u2019\u00e9missions de CO2. Les postes d\u2019insertion, particuli\u00e8rement menac\u00e9s par les restructurations, constituent l\u2019un des piliers de son action sociale.<\/p>\n<p>Une mobilisation politique en cours<\/p>\n<p>La gravit\u00e9 de la situation a conduit les responsables \u00e0 alerter les collectivit\u00e9s et \u00e9lus locaux sur les risques d\u2019arr\u00eat d\u2019activit\u00e9. Cette mobilisation s\u2019est r\u00e9cemment concr\u00e9tis\u00e9e par la visite de l\u2019ex-ministre et actuel pr\u00e9sident d\u2019ESS France sur le site st\u00e9phanois, organis\u00e9e \u00e0 l\u2019initiative des forces socialistes du territoire le 26 juin dernier.<\/p>\n<p>Le dirigeant a pu d\u00e9couvrir les 2 200 m\u00b2 d\u2019installations (atelier, magasin et logistique) et \u00e9changer avec des salari\u00e9s qui avaient prolong\u00e9 leur journ\u00e9e de travail pour l\u2019accueillir, t\u00e9moignant de leur engagement malgr\u00e9 l\u2019incertitude qui p\u00e8se sur leur avenir professionnel.<\/p>\n","protected":false},"excerpt":{"rendered":"Cette d\u00e9cision de justice place notamment en p\u00e9ril le site de Saint-\u00c9tienne, inaugur\u00e9 dans le quartier du Soleil&hellip;\n","protected":false},"author":2,"featured_media":207300,"comment_status":"","ping_status":"","sticky":false,"template":"","format":"standard","meta":{"footnotes":""},"categories":[9653],"tags":[1111,11,2430,33,34629,1777,674,1011,27,3367,12,25,4001],"class_list":{"0":"post-207299","1":"post","2":"type-post","3":"status-publish","4":"format-standard","5":"has-post-thumbnail","7":"category-saint-etienne","8":"tag-actu","9":"tag-actualites","10":"tag-auvergne-rhone-alpes","11":"tag-economie","12":"tag-envie-loire","13":"tag-eu","14":"tag-europe","15":"tag-fr","16":"tag-france","17":"tag-loire","18":"tag-news","19":"tag-republique-francaise","20":"tag-saint-etienne"},"share_on_mastodon":{"url":"https:\/\/pubeurope.com\/@fr\/114753008237262662","error":""},"_links":{"self":[{"href":"https:\/\/www.europesays.com\/fr\/wp-json\/wp\/v2\/posts\/207299","targetHints":{"allow":["GET"]}}],"collection":[{"href":"https:\/\/www.europesays.com\/fr\/wp-json\/wp\/v2\/posts"}],"about":[{"href":"https:\/\/www.europesays.com\/fr\/wp-json\/wp\/v2\/types\/post"}],"author":[{"embeddable":true,"href":"https:\/\/www.europesays.com\/fr\/wp-json\/wp\/v2\/users\/2"}],"replies":[{"embeddable":true,"href":"https:\/\/www.europesays.com\/fr\/wp-json\/wp\/v2\/comments?post=207299"}],"version-history":[{"count":0,"href":"https:\/\/www.europesays.com\/fr\/wp-json\/wp\/v2\/posts\/207299\/revisions"}],"wp:featuredmedia":[{"embeddable":true,"href":"https:\/\/www.europesays.com\/fr\/wp-json\/wp\/v2\/media\/207300"}],"wp:attachment":[{"href":"https:\/\/www.europesays.com\/fr\/wp-json\/wp\/v2\/media?parent=207299"}],"wp:term":[{"taxonomy":"category","embeddable":true,"href":"https:\/\/www.europesays.com\/fr\/wp-json\/wp\/v2\/categories?post=207299"},{"taxonomy":"post_tag","embeddable":true,"href":"https:\/\/www.europesays.com\/fr\/wp-json\/wp\/v2\/tags?post=207299"}],"curies":[{"name":"wp","href":"https:\/\/api.w.org\/{rel}","templated":true}]}}