{"id":207303,"date":"2025-06-27T02:40:30","date_gmt":"2025-06-27T02:40:30","guid":{"rendered":"https:\/\/www.europesays.com\/fr\/207303\/"},"modified":"2025-06-27T02:40:30","modified_gmt":"2025-06-27T02:40:30","slug":"meurthe-et-moselle-se-baigner-en-milieu-naturel-non-surveille-cest-dangereux-alertent-les-pompiers","status":"publish","type":"post","link":"https:\/\/www.europesays.com\/fr\/207303\/","title":{"rendered":"Meurthe-et-Moselle. \u00ab\u00a0Se baigner en milieu naturel non surveill\u00e9, c\u2019est dangereux\u00a0\u00bb, alertent les pompiers"},"content":{"rendered":"<p class=\"insetTitle\">\u00ab\u00a0La baignade est interdite dans le r\u00e9seau fluvial, les \u00e9cluses et les barrages\u00a0\u00bb<\/p>\n<blockquote class=\"question\"><p>C\u00e9line Le Toux, vous \u00eates adjointe au responsable de l\u2019unit\u00e9 territoriale qui g\u00e8re le canal de la Marne au Rhin est \u00e0 Voies navigables de France (VNF). Pouvez-vous nous rappeler vos\u00a0missions\u00a0?<\/p><\/blockquote>\n<p>\u00ab\u00a0Notre r\u00f4le est d\u2019abord de veiller \u00e0 la navigation sur le r\u00e9seau fluvial. Cela implique l\u2019entretien des infrastructures comme les \u00e9cluses, les barrages et les berges. Nous travaillons aussi avec les collectivit\u00e9s locales afin de d\u00e9velopper l\u2019attractivit\u00e9 fluvestre [les activit\u00e9s touristiques et de loisirs sur et le long des berges].\u00a0\u00bb<\/p>\n<blockquote class=\"question\"><p>Vous menez actuellement une campagne estivale pour pr\u00e9venir les risques de noyade, pour quelles raisons\u00a0?<\/p><\/blockquote>\n<p>\u00ab\u00a0La baignade est interdite dans le r\u00e9seau fluvial, les \u00e9cluses et les barrages. Parfois, pour se rafra\u00eechir ou par m\u00e9connaissance, les personnes prennent des risques en s\u2019y baignant. Depuis plusieurs ann\u00e9es, nous menons une campagne #CoulePasTonEte qui vise \u00e0 sensibiliser le public aux dangers de la baignade en milieu fluvial.<\/p>\n<p>Cette ann\u00e9e, la campagne adopte un nouveau visuel, que nous souhaitons plus percutant.\u00a0\u00bb<\/p>\n<blockquote class=\"question\"><p>Quels dangers encourent ces personnes\u00a0?<\/p><\/blockquote>\n<p>\u00ab\u00a0Les risques sont nombreux. Il y a les blessures, caus\u00e9es par des pieux, des rocs immerg\u00e9s, et parfois m\u00eame par le manque de profondeur. La noyade aussi. Peu d\u2019endroits permettent de remonter facilement sur les berges, ce qui peut mener \u00e0 l\u2019\u00e9puisement. En ce moment, c\u2019est aussi la belle saison, le risque de collisions avec un bateau n\u2019est pas \u00e0 n\u00e9gliger.\u00a0\u00bb<\/p>\n<blockquote class=\"question\"><p>Quels conseils souhaitez-vous apporter\u00a0?<\/p><\/blockquote>\n<p>\u00ab\u00a0Il est important de se renseigner avant toute baignade. Les offices de tourisme, VNF, peuvent transmettre la liste des lieux autoris\u00e9s, tout comme l\u2019agence r\u00e9gionale de sant\u00e9 (ARS), qui \u00e9value \u00e9galement la qualit\u00e9 de l\u2019eau.<\/p>\n<p>De plus en plus d\u2019espaces sont con\u00e7us pour se rafra\u00eechir en toute s\u00e9curit\u00e9 comme les piscines ou les \u00eelots de fra\u00eecheur. Durant l\u2019\u00e9t\u00e9, des villes comme Nancy, Toul, ou Vand\u0153uvre-l\u00e8s-Nancy am\u00e9nagent des plages, o\u00f9 la baignade est autoris\u00e9e et surveill\u00e9e.\u00a0\u00bb<\/p>\n<p class=\"insetSignature\">Marion Petit<\/p>\n","protected":false},"excerpt":{"rendered":"\u00ab\u00a0La baignade est interdite dans le r\u00e9seau fluvial, les \u00e9cluses et les barrages\u00a0\u00bb C\u00e9line Le Toux, vous \u00eates&hellip;\n","protected":false},"author":2,"featured_media":207304,"comment_status":"","ping_status":"","sticky":false,"template":"","format":"standard","meta":{"footnotes":""},"categories":[9635],"tags":[119,1111,11,1707,1704,1706,1705,1777,674,274,1011,27,775,1702,1703,5216,12,25,104,517,1700],"class_list":{"0":"post-207303","1":"post","2":"type-post","3":"status-publish","4":"format-standard","5":"has-post-thumbnail","7":"category-nancy","8":"tag-accident","9":"tag-actu","10":"tag-actualites","11":"tag-edition-luneville","12":"tag-edition-nancy-et-agglomeration","13":"tag-edition-pont-a-mousson","14":"tag-edition-toul","15":"tag-eu","16":"tag-europe","17":"tag-faits-divers-justice","18":"tag-fr","19":"tag-france","20":"tag-grand-est","21":"tag-nancy","22":"tag-nancy-ville-54b","23":"tag-natation","24":"tag-news","25":"tag-republique-francaise","26":"tag-societe","27":"tag-sport","28":"tag-sport-lorrain"},"share_on_mastodon":{"url":"https:\/\/pubeurope.com\/@fr\/114753019932787039","error":""},"_links":{"self":[{"href":"https:\/\/www.europesays.com\/fr\/wp-json\/wp\/v2\/posts\/207303","targetHints":{"allow":["GET"]}}],"collection":[{"href":"https:\/\/www.europesays.com\/fr\/wp-json\/wp\/v2\/posts"}],"about":[{"href":"https:\/\/www.europesays.com\/fr\/wp-json\/wp\/v2\/types\/post"}],"author":[{"embeddable":true,"href":"https:\/\/www.europesays.com\/fr\/wp-json\/wp\/v2\/users\/2"}],"replies":[{"embeddable":true,"href":"https:\/\/www.europesays.com\/fr\/wp-json\/wp\/v2\/comments?post=207303"}],"version-history":[{"count":0,"href":"https:\/\/www.europesays.com\/fr\/wp-json\/wp\/v2\/posts\/207303\/revisions"}],"wp:featuredmedia":[{"embeddable":true,"href":"https:\/\/www.europesays.com\/fr\/wp-json\/wp\/v2\/media\/207304"}],"wp:attachment":[{"href":"https:\/\/www.europesays.com\/fr\/wp-json\/wp\/v2\/media?parent=207303"}],"wp:term":[{"taxonomy":"category","embeddable":true,"href":"https:\/\/www.europesays.com\/fr\/wp-json\/wp\/v2\/categories?post=207303"},{"taxonomy":"post_tag","embeddable":true,"href":"https:\/\/www.europesays.com\/fr\/wp-json\/wp\/v2\/tags?post=207303"}],"curies":[{"name":"wp","href":"https:\/\/api.w.org\/{rel}","templated":true}]}}