{"id":207305,"date":"2025-06-27T02:41:23","date_gmt":"2025-06-27T02:41:23","guid":{"rendered":"https:\/\/www.europesays.com\/fr\/207305\/"},"modified":"2025-06-27T02:41:23","modified_gmt":"2025-06-27T02:41:23","slug":"drogue-alcool-trois-surveillants-de-la-prison-de-nancy-soupconnes-de-trafic-avec-des-detenus","status":"publish","type":"post","link":"https:\/\/www.europesays.com\/fr\/207305\/","title":{"rendered":"Drogue, alcool\u2026 Trois surveillants de la prison de Nancy soup\u00e7onn\u00e9s de trafic avec des d\u00e9tenus"},"content":{"rendered":"<p>Trois surveillants de la maison d\u2019arr\u00eat de Nancy-Max\u00e9ville (Meurthe-et-Moselle) sont suspect\u00e9s d\u2019avoir mis\u00a0en place un trafic de stup\u00e9fiants, d\u2019alcool et de t\u00e9l\u00e9phones portables avec des d\u00e9tenus de l\u2019\u00e9tablissement. C\u2019est ce que <a href=\"https:\/\/france3-regions.franceinfo.fr\/grand-est\/meurthe-et-moselle\/nancy\/trois-surveillants-de-prison-en-garde-a-vue-pour-des-soupcons-de-trafic-de-stupefiants-d-alcool-et-de-telephones-portables-avec-des-detenus-3177936.html\" target=\"_blank\" rel=\"nofollow noopener\">r\u00e9v\u00e8le France 3\u00a0Grand Est <\/a>\u00a0dans un article publi\u00e9 ce\u00a0jeudi 26\u00a0juin 2025.<\/p>\n<p>Les trois mis en cause ont \u00e9t\u00e9 interpell\u00e9s mercredi 25\u00a0juin\u00a0: deux hommes de 30 et 36\u00a0ans sur leur lieu de travail et\u00a0une femme \u00e2g\u00e9e d\u2019une trentaine d\u2019ann\u00e9es \u00e0 son domicile. Des perquisitions ont \u00e9t\u00e9 men\u00e9es, leurs v\u00e9hicules ont \u00e9t\u00e9 inspect\u00e9s et\u00a0leurs casiers fouill\u00e9s. La garde \u00e0 vue de l\u2019un des trois suspects a \u00e9t\u00e9 lev\u00e9e ce jeudi, selon les informations de nos confr\u00e8res.<\/p>\n<p>Pas une premi\u00e8re<\/p>\n<p>Ce n\u2019est pas la premi\u00e8re fois qu\u2019un agent p\u00e9nitentiaire\u00a0de la maison d\u2019arr\u00eat de Nancy-Max\u00e9ville est interpell\u00e9 pour ces faits. En juin\u00a02024, un surveillant de l\u2019\u00e9tablissement avait \u00e9t\u00e9 <a href=\"https:\/\/maubeuge.maville.com\/actu\/actudet_-un-surveillant-de-la-maison-d-arret-de-nancy-soupconne-de-trafic-avec-des-detenus-_54135-6354874_actu.Htm\" target=\"_blank\" rel=\"nofollow noopener\">mis en examen et plac\u00e9 en d\u00e9tention provisoire car il \u00e9tait suspect\u00e9 d\u2019avoir\u00a0rendu des services \u00e0 des d\u00e9tenus contre r\u00e9mun\u00e9ration<\/a>.\u00a0<\/p>\n<p>Plus r\u00e9cemment, en f\u00e9vrier\u00a02025, c\u2019est un\u00a0surveillant de la prison de Fresnes (Val-de-Marne) qui\u00a0a \u00e9t\u00e9 <a href=\"https:\/\/paris.maville.com\/actu\/actudet_-il-devait-faire-passer-de-la-drogue-derriere-les-barreaux-un-gardien-de-prison-condamne-_53511-6669555_actu.Htm\" target=\"_blank\" rel=\"nofollow noopener\">condamn\u00e9 pour avoir voulu faire passer de la r\u00e9sine de cannabis contre r\u00e9mun\u00e9ration<\/a>. Il a reconnu les faits et expliqu\u00e9 que l\u2019argent devait lui servir \u00e0 rembourser une partie des dettes accumul\u00e9es \u00e0 cause de son addiction aux jeux.<\/p>\n<p>\u00a0<\/p>\n","protected":false},"excerpt":{"rendered":"Trois surveillants de la maison d\u2019arr\u00eat de Nancy-Max\u00e9ville (Meurthe-et-Moselle) sont suspect\u00e9s d\u2019avoir mis\u00a0en place un trafic de stup\u00e9fiants,&hellip;\n","protected":false},"author":2,"featured_media":207306,"comment_status":"","ping_status":"","sticky":false,"template":"","format":"standard","meta":{"footnotes":""},"categories":[9635],"tags":[1111,11,5702,17316,1052,1777,674,1011,27,10623,775,1702,12,806,25,3213,23697,808,1097,10624],"class_list":{"0":"post-207305","1":"post","2":"type-post","3":"status-publish","4":"format-standard","5":"has-post-thumbnail","7":"category-nancy","8":"tag-actu","9":"tag-actualites","10":"tag-alcool","11":"tag-detenus","12":"tag-drogue","13":"tag-eu","14":"tag-europe","15":"tag-fr","16":"tag-france","17":"tag-golfe","18":"tag-grand-est","19":"tag-nancy","20":"tag-news","21":"tag-prison","22":"tag-republique-francaise","23":"tag-saint","24":"tag-soupconnes","25":"tag-surveillants","26":"tag-trafic","27":"tag-tropez"},"share_on_mastodon":{"url":"https:\/\/pubeurope.com\/@fr\/114753023817656282","error":""},"_links":{"self":[{"href":"https:\/\/www.europesays.com\/fr\/wp-json\/wp\/v2\/posts\/207305","targetHints":{"allow":["GET"]}}],"collection":[{"href":"https:\/\/www.europesays.com\/fr\/wp-json\/wp\/v2\/posts"}],"about":[{"href":"https:\/\/www.europesays.com\/fr\/wp-json\/wp\/v2\/types\/post"}],"author":[{"embeddable":true,"href":"https:\/\/www.europesays.com\/fr\/wp-json\/wp\/v2\/users\/2"}],"replies":[{"embeddable":true,"href":"https:\/\/www.europesays.com\/fr\/wp-json\/wp\/v2\/comments?post=207305"}],"version-history":[{"count":0,"href":"https:\/\/www.europesays.com\/fr\/wp-json\/wp\/v2\/posts\/207305\/revisions"}],"wp:featuredmedia":[{"embeddable":true,"href":"https:\/\/www.europesays.com\/fr\/wp-json\/wp\/v2\/media\/207306"}],"wp:attachment":[{"href":"https:\/\/www.europesays.com\/fr\/wp-json\/wp\/v2\/media?parent=207305"}],"wp:term":[{"taxonomy":"category","embeddable":true,"href":"https:\/\/www.europesays.com\/fr\/wp-json\/wp\/v2\/categories?post=207305"},{"taxonomy":"post_tag","embeddable":true,"href":"https:\/\/www.europesays.com\/fr\/wp-json\/wp\/v2\/tags?post=207305"}],"curies":[{"name":"wp","href":"https:\/\/api.w.org\/{rel}","templated":true}]}}