{"id":207314,"date":"2025-06-27T02:50:15","date_gmt":"2025-06-27T02:50:15","guid":{"rendered":"https:\/\/www.europesays.com\/fr\/207314\/"},"modified":"2025-06-27T02:50:15","modified_gmt":"2025-06-27T02:50:15","slug":"les-bleues-sont-en-route-vers-grenoble","status":"publish","type":"post","link":"https:\/\/www.europesays.com\/fr\/207314\/","title":{"rendered":"Les bleues sont en route vers Grenoble."},"content":{"rendered":"<p>Les Bleues sont en route vers Grenoble pour le second match de pr\u00e9paration \u00e0 l&rsquo;Euro 2025.<\/p>\n<p>Ce vendredi 27 juin 2025, elles affronteront le Br\u00e9sil au Stade des Alpes \u00e0 21h10, dans une rencontre qui sera retransmise sur France 3. Ce dernier test avant le tournoi en Suisse vise \u00e0 renforcer la coh\u00e9sion et la confiance de l\u2019\u00e9quipe, qui montre des progr\u00e8s offensifs et une bonne solidit\u00e9 d\u00e9fensive.<\/p>\n<p>Une belle ambiance est attendue dans les tribunes pour accompagner les joueuses de Laurent Bonadei avant leur d\u00e9part pour la Suisse.<\/p>\n<p>\u00a0<\/p>\n<p>\u00a0 \u00a0 \u00a0 \u00a0 \u00a0 \u00a0 \u00a0 \u00a0Kossigan AGAMAKOU\u00a0<\/p>\n<p>\u00a0<\/p>\n<p>\u00a0<\/p>\n<p>                                                                            (function(d, s, id) {<br \/>\n            var js, fjs = d.getElementsByTagName(s)[0];<br \/>\n            if (d.getElementById(id)) return;<br \/>\n            js = d.createElement(s); js.id = id;<br \/>\n            js.src = \u00ab\u00a0\/\/connect.facebook.net\/fr_FR\/sdk.js#xfbml=1&#038;version=v2.8\u00a0\u00bb;<br \/>\n            fjs.parentNode.insertBefore(js, fjs);<br \/>\n        }(document, &lsquo;script&rsquo;, &lsquo;facebook-jssdk&rsquo;));<\/p>\n","protected":false},"excerpt":{"rendered":"Les Bleues sont en route vers Grenoble pour le second match de pr\u00e9paration \u00e0 l&rsquo;Euro 2025. Ce vendredi&hellip;\n","protected":false},"author":2,"featured_media":207315,"comment_status":"","ping_status":"","sticky":false,"template":"","format":"standard","meta":{"footnotes":""},"categories":[9566],"tags":[1111,11,34632,2430,12437,2548,1777,674,1011,27,2731,12,25,3067],"class_list":{"0":"post-207314","1":"post","2":"type-post","3":"status-publish","4":"format-standard","5":"has-post-thumbnail","7":"category-grenoble","8":"tag-actu","9":"tag-actualites","10":"tag-amical","11":"tag-auvergne-rhone-alpes","12":"tag-bleues","13":"tag-bresil","14":"tag-eu","15":"tag-europe","16":"tag-fr","17":"tag-france","18":"tag-grenoble","19":"tag-news","20":"tag-republique-francaise","21":"tag-suisse"},"share_on_mastodon":{"url":"https:\/\/pubeurope.com\/@fr\/114753059194195564","error":""},"_links":{"self":[{"href":"https:\/\/www.europesays.com\/fr\/wp-json\/wp\/v2\/posts\/207314","targetHints":{"allow":["GET"]}}],"collection":[{"href":"https:\/\/www.europesays.com\/fr\/wp-json\/wp\/v2\/posts"}],"about":[{"href":"https:\/\/www.europesays.com\/fr\/wp-json\/wp\/v2\/types\/post"}],"author":[{"embeddable":true,"href":"https:\/\/www.europesays.com\/fr\/wp-json\/wp\/v2\/users\/2"}],"replies":[{"embeddable":true,"href":"https:\/\/www.europesays.com\/fr\/wp-json\/wp\/v2\/comments?post=207314"}],"version-history":[{"count":0,"href":"https:\/\/www.europesays.com\/fr\/wp-json\/wp\/v2\/posts\/207314\/revisions"}],"wp:featuredmedia":[{"embeddable":true,"href":"https:\/\/www.europesays.com\/fr\/wp-json\/wp\/v2\/media\/207315"}],"wp:attachment":[{"href":"https:\/\/www.europesays.com\/fr\/wp-json\/wp\/v2\/media?parent=207314"}],"wp:term":[{"taxonomy":"category","embeddable":true,"href":"https:\/\/www.europesays.com\/fr\/wp-json\/wp\/v2\/categories?post=207314"},{"taxonomy":"post_tag","embeddable":true,"href":"https:\/\/www.europesays.com\/fr\/wp-json\/wp\/v2\/tags?post=207314"}],"curies":[{"name":"wp","href":"https:\/\/api.w.org\/{rel}","templated":true}]}}