{"id":207316,"date":"2025-06-27T02:51:14","date_gmt":"2025-06-27T02:51:14","guid":{"rendered":"https:\/\/www.europesays.com\/fr\/207316\/"},"modified":"2025-06-27T02:51:14","modified_gmt":"2025-06-27T02:51:14","slug":"plusieurs-elus-quittent-la-seance-en-cours-du-conseil-departemental-dille-et-vilaine","status":"publish","type":"post","link":"https:\/\/www.europesays.com\/fr\/207316\/","title":{"rendered":"Plusieurs \u00e9lus quittent la s\u00e9ance en cours du conseil d\u00e9partemental d\u2019Ille-et-Vilaine"},"content":{"rendered":"<p><strong>\u00ab\u00a0J\u2019ai song\u00e9 \u00e0 d\u00e9missionner de mon mandat, mais je ne le ferai pas par respects pour mes \u00e9lecteurs. Je vais cependant quitter cette s\u00e9ance maintenant.\u00a0\u00bb<\/strong> Il est 17\u00a0h\u00a030, au terme de la premi\u00e8re journ\u00e9e de la session du conseil d\u00e9partemental d\u2019Ille-et-Vilaine, jeudi 26\u00a0juin 2025, Bernard Delaunay, conseiller d\u00e9partemental de Foug\u00e8res et maire de Javen\u00e9, ne cache pas sa d\u00e9ception.<\/p>\n<p>Apr\u00e8s une suspension de s\u00e9ance de quelques minutes, il est suivi par ses coll\u00e8gues du groupe d\u2019opposition de l\u2019Union du centre et de la droite. Le pr\u00e9sident socialiste Jean-Luc Chenut d\u00e9cide alors de clore l\u00e0 les travaux de cette premi\u00e8re journ\u00e9e. La raison\u00a0? Le retrait de sa d\u00e9signation comme suppl\u00e9ant \u00e0 la Safer, la soci\u00e9t\u00e9 d\u2019am\u00e9nagement foncier et d\u2019\u00e9tablissement rural.<\/p>\n<p><strong>Lire aussi\u00a0: <\/strong> <a href=\"https:\/\/rennes.maville.com\/actu\/actudet_-evaluation-des-ehpad-en-ille-et-vilaine-la-gauche-invite-au-respect-du-travail-collectif-_7-6816673_actu.Htm\" target=\"_blank\" rel=\"noopener\">\u00c9valuation des Ehpad\u00a0: en Ille-et-Vilaine la gauche invite au \u00ab\u00a0respect du travail collectif\u00a0\u00bb<\/a><\/p>\n<p><strong>\u00ab\u00a0Sur une proposition formul\u00e9e en r\u00e9union des pr\u00e9sidents de groupe, le 4\u00a0juin 2025, porte par le groupe socialiste et appuy\u00e9e par le groupe \u00e9cologiste\u00a0\u00bb<\/strong>, pr\u00e9cise ses coll\u00e8gues Jeanne F\u00e9ret et Paul Lapause. Jean-Luc Chenut l\u2019affirme en s\u00e9ance, comme dans un courrier, <strong>\u00ab\u00a0il n\u2019y a rien de personnel et aucune remise en cause du travail que vous avez effectu\u00e9 ces quatre derni\u00e8res ann\u00e9es\u00a0\u00bb<\/strong>.<\/p>\n<p>Pour Jean-Luc Chenut, cette d\u00e9cision rel\u00e8ve d\u2019une <strong>\u00ab\u00a0coh\u00e9rence politique\u00a0\u00bb \u00ab\u00a0divergences de points de vue\u00a0\u00bb <\/strong>dans une p\u00e9riode <strong>\u00ab\u00a0o\u00f9 il risque d\u2019y avoir des turbulences accrues\u00a0\u00bb<\/strong> sur ces sujets (foncier rural, espaces naturels,\u00a0etc.)<\/p>\n<p>\u00a0<\/p>\n","protected":false},"excerpt":{"rendered":"\u00ab\u00a0J\u2019ai song\u00e9 \u00e0 d\u00e9missionner de mon mandat, mais je ne le ferai pas par respects pour mes \u00e9lecteurs.&hellip;\n","protected":false},"author":2,"featured_media":207317,"comment_status":"","ping_status":"","sticky":false,"template":"","format":"standard","meta":{"footnotes":""},"categories":[2821],"tags":[1111,11,829,7516,703,33961,10153,1777,674,1011,27,848,12,34633,584,25,6765],"class_list":{"0":"post-207316","1":"post","2":"type-post","3":"status-publish","4":"format-standard","5":"has-post-thumbnail","7":"category-rennes","8":"tag-actu","9":"tag-actualites","10":"tag-bretagne","11":"tag-conseil","12":"tag-cours","13":"tag-departemental","14":"tag-elus","15":"tag-eu","16":"tag-europe","17":"tag-fr","18":"tag-france","19":"tag-ille-et-vilaine","20":"tag-news","21":"tag-quittent","22":"tag-rennes","23":"tag-republique-francaise","24":"tag-seance"},"share_on_mastodon":{"url":"https:\/\/pubeurope.com\/@fr\/114753063140057286","error":""},"_links":{"self":[{"href":"https:\/\/www.europesays.com\/fr\/wp-json\/wp\/v2\/posts\/207316","targetHints":{"allow":["GET"]}}],"collection":[{"href":"https:\/\/www.europesays.com\/fr\/wp-json\/wp\/v2\/posts"}],"about":[{"href":"https:\/\/www.europesays.com\/fr\/wp-json\/wp\/v2\/types\/post"}],"author":[{"embeddable":true,"href":"https:\/\/www.europesays.com\/fr\/wp-json\/wp\/v2\/users\/2"}],"replies":[{"embeddable":true,"href":"https:\/\/www.europesays.com\/fr\/wp-json\/wp\/v2\/comments?post=207316"}],"version-history":[{"count":0,"href":"https:\/\/www.europesays.com\/fr\/wp-json\/wp\/v2\/posts\/207316\/revisions"}],"wp:featuredmedia":[{"embeddable":true,"href":"https:\/\/www.europesays.com\/fr\/wp-json\/wp\/v2\/media\/207317"}],"wp:attachment":[{"href":"https:\/\/www.europesays.com\/fr\/wp-json\/wp\/v2\/media?parent=207316"}],"wp:term":[{"taxonomy":"category","embeddable":true,"href":"https:\/\/www.europesays.com\/fr\/wp-json\/wp\/v2\/categories?post=207316"},{"taxonomy":"post_tag","embeddable":true,"href":"https:\/\/www.europesays.com\/fr\/wp-json\/wp\/v2\/tags?post=207316"}],"curies":[{"name":"wp","href":"https:\/\/api.w.org\/{rel}","templated":true}]}}