{"id":207318,"date":"2025-06-27T02:52:22","date_gmt":"2025-06-27T02:52:22","guid":{"rendered":"https:\/\/www.europesays.com\/fr\/207318\/"},"modified":"2025-06-27T02:52:22","modified_gmt":"2025-06-27T02:52:22","slug":"fin-de-la-divagation-des-taureaux-pres-de-rennes-la-derniere-bete-abattue","status":"publish","type":"post","link":"https:\/\/www.europesays.com\/fr\/207318\/","title":{"rendered":"Fin de la divagation des taureaux pr\u00e8s de Rennes\u00a0: la derni\u00e8re b\u00eate abattue"},"content":{"rendered":"<p>C\u2019est l\u2019\u00e9pilogue d\u2019une folle traque. Le dernier taurillon en divagation au sud de Rennes a \u00e9t\u00e9 abattu, mercredi 25\u00a0juin 2025 au soir, annonce S\u00e9bastien Gu\u00e9ret, maire de la commune, confirmant une information du  <a href=\"https:\/\/www.letelegramme.fr\/ille-et-vilaine\/rennes-35000\/la-bete-etait-trop-agressive-pres-de-rennes-le-dernier-taureau-echappe-a-ete-abattu-6843758.php\" target=\"_blank\" rel=\"noopener\">T\u00e9l\u00e9gramme<\/a> . Il faisait partie de l\u2019\u00e9chapp\u00e9e belle de 43\u00a0jeunes taureaux \u2013 pesant entre 350 et 750\u00a0kg \u2013 qui avaient <strong>\u00ab\u00a0d\u00e9fonc\u00e9 un mur en parpaing\u00a0\u00bb<\/strong>, avant de s\u2019enfuir de leur enclos de la Jousselinais \u00e0 Noyal-Ch\u00e2tillon-sur-Seiche, samedi 21\u00a0juin 2025 \u00e0 17\u00a0h.<\/p>\n<p><strong>Lire aussi<\/strong>\u00a0: <a href=\"https:\/\/rennes.maville.com\/actu\/actudet_-divagation-de-taureaux-pres-de-rennes-toutes-les-betes-encore-en-liberte-en-passe-d-etre-abattues-_7-6866159_actu.Htm\" target=\"_blank\" rel=\"noopener\">Divagation de taureaux pr\u00e8s de Rennes\u00a0: toutes les b\u00eates encore en libert\u00e9 en passe d\u2019\u00eatre abattues<\/a><\/p>\n<p>\u00ab\u00a0Soutien total aux agriculteurs\u00a0\u00bb<\/p>\n<p>Depuis les \u00e9quipes des gendarmes de la compagnie de Rennes, des pompiers, dont l\u2019\u00e9quipe animali\u00e8re, et des agriculteurs solidaires du secteur <a href=\"https:\/\/rennes.maville.com\/actu\/actudet_--ils-ont-defonce-un-mur-ce-que-l-on-sait-de-la-divagation-des-43-taurillons-pres-de-rennes-_7-6865656_actu.Htm\" target=\"_blank\" rel=\"noopener\">\u00e9taient mobilis\u00e9s pour les retrouver<\/a>. 21\u00a0b\u00eates ont pu \u00eatre r\u00e9cup\u00e9r\u00e9es saines et sauves, mais 22\u00a0ont \u00e9t\u00e9 tu\u00e9es par des lieutenants de louveterie car <strong>\u00ab\u00a0elles \u00e9taient agressives\u00a0\u00bb.<\/strong> <strong>\u00ab\u00a0Je tiens \u00e0 souligner l\u2019engagement exceptionnel des lieutenants de louveterie qui font \u00e7a b\u00e9n\u00e9volement\u00a0\u00bb,<\/strong> pr\u00e9cise l\u2019\u00e9dile. Il apporte son<strong> \u00ab\u00a0soutien total aux agriculteurs\u00a0\u00bb<\/strong> qui ont perdu 50\u00a0% de leurs b\u00eates.<\/p>\n<p>Ils ont d\u00fb faire constater chaque d\u00e9c\u00e8s par un v\u00e9t\u00e9rinaire avant d\u2019envoyer les animaux \u00e0 l\u2019\u00e9quarrissage. Ces taureaux, initialement destin\u00e9s \u00e0 devenir de la viande, ne pourront pas \u00eatre mang\u00e9s.<\/p>\n<p>\u00a0<\/p>\n","protected":false},"excerpt":{"rendered":"C\u2019est l\u2019\u00e9pilogue d\u2019une folle traque. Le dernier taurillon en divagation au sud de Rennes a \u00e9t\u00e9 abattu, mercredi&hellip;\n","protected":false},"author":2,"featured_media":207319,"comment_status":"","ping_status":"","sticky":false,"template":"","format":"standard","meta":{"footnotes":""},"categories":[2821],"tags":[34637,1111,11,34636,829,9424,34634,1777,674,5729,1011,27,12,3762,584,25,34635],"class_list":{"0":"post-207318","1":"post","2":"type-post","3":"status-publish","4":"format-standard","5":"has-post-thumbnail","7":"category-rennes","8":"tag-abattue","9":"tag-actu","10":"tag-actualites","11":"tag-bete","12":"tag-bretagne","13":"tag-derniere","14":"tag-divagation","15":"tag-eu","16":"tag-europe","17":"tag-fin","18":"tag-fr","19":"tag-france","20":"tag-news","21":"tag-pres","22":"tag-rennes","23":"tag-republique-francaise","24":"tag-taureaux"},"share_on_mastodon":{"url":"https:\/\/pubeurope.com\/@fr\/114753067146447901","error":""},"_links":{"self":[{"href":"https:\/\/www.europesays.com\/fr\/wp-json\/wp\/v2\/posts\/207318","targetHints":{"allow":["GET"]}}],"collection":[{"href":"https:\/\/www.europesays.com\/fr\/wp-json\/wp\/v2\/posts"}],"about":[{"href":"https:\/\/www.europesays.com\/fr\/wp-json\/wp\/v2\/types\/post"}],"author":[{"embeddable":true,"href":"https:\/\/www.europesays.com\/fr\/wp-json\/wp\/v2\/users\/2"}],"replies":[{"embeddable":true,"href":"https:\/\/www.europesays.com\/fr\/wp-json\/wp\/v2\/comments?post=207318"}],"version-history":[{"count":0,"href":"https:\/\/www.europesays.com\/fr\/wp-json\/wp\/v2\/posts\/207318\/revisions"}],"wp:featuredmedia":[{"embeddable":true,"href":"https:\/\/www.europesays.com\/fr\/wp-json\/wp\/v2\/media\/207319"}],"wp:attachment":[{"href":"https:\/\/www.europesays.com\/fr\/wp-json\/wp\/v2\/media?parent=207318"}],"wp:term":[{"taxonomy":"category","embeddable":true,"href":"https:\/\/www.europesays.com\/fr\/wp-json\/wp\/v2\/categories?post=207318"},{"taxonomy":"post_tag","embeddable":true,"href":"https:\/\/www.europesays.com\/fr\/wp-json\/wp\/v2\/tags?post=207318"}],"curies":[{"name":"wp","href":"https:\/\/api.w.org\/{rel}","templated":true}]}}