{"id":207320,"date":"2025-06-27T02:53:15","date_gmt":"2025-06-27T02:53:15","guid":{"rendered":"https:\/\/www.europesays.com\/fr\/207320\/"},"modified":"2025-06-27T02:53:15","modified_gmt":"2025-06-27T02:53:15","slug":"contre-la-loi-duplomb-deux-rassemblements-dimanche-29-juin-en-alsace","status":"publish","type":"post","link":"https:\/\/www.europesays.com\/fr\/207320\/","title":{"rendered":"Contre la loi Duplomb, deux rassemblements dimanche 29 juin en Alsace"},"content":{"rendered":"<p class=\"wp-block-post-excerpt__excerpt\">Dimanche 29 juin, deux manifestations sont organis\u00e9es \u00e0 Strasbourg et Colmar contre la loi Duplomb, qui pr\u00e9voit d\u2019all\u00e9ger les contraintes environnementales des agriculteurs et sera \u00e9tudi\u00e9e par une commission parlementaire d\u00e8s le lendemain. <\/p>\n<p class=\"font-sans\">\n\t\t\tCet article est en acc\u00e8s libre. Pour soutenir Rue89 Strasbourg,<br \/>\n\t\t\t<a class=\"underline\" href=\"https:\/\/www.rue89strasbourg.com\/abonnement\" rel=\"nofollow noopener\" target=\"_blank\">abonnez-vous<\/a>.\n\t\t<\/p>\n<p>Camille Balzinger<\/p>\n<p>Publi\u00e9 le 26 juin 2025\u00a0\u00a0\u00b7\u00a0\u00a0<\/p>\n<p>Imprim\u00e9 le 27 juin 2025 \u00e0 03h56\u00a0\u00a0\u00b7\u00a0\u00a0<\/p>\n<p>Modifi\u00e9 le 26 juin 2025\u00a0\u00a0\u00b7\u00a0\u00a0<\/p>\n<p>\t\t\t\t\t1\u00a0minute\n<\/p>\n<p>Dimanche 29 juin, deux rassemblements sont pr\u00e9vus, d\u00e8s 9h30 \u00e0 Strasbourg puis 11h \u00e0 Colmar, pour s\u2019opposer \u00e0 la proposition de loi du s\u00e9nateur (Les R\u00e9publicains) Laurent Duplomb, \u00e9tudi\u00e9e le lendemain par la commission mixte paritaire (sept d\u00e9put\u00e9s, sept s\u00e9nateurs). <\/p>\n<p>D\u00e9pos\u00e9e en novembre 2024, la proposition de loi r\u00e9pond \u00e0 des revendications port\u00e9es par les syndicats agricoles productivistes, la FNSEA et la Coordination rurale, et pr\u00e9tend \u00ab\u00a0lever les contraintes \u00e0 l\u2019exercice du m\u00e9tier d\u2019agriculteur\u00a0\u00bb. Mais selon Alsace nature et <a href=\"https:\/\/www.generations-futures.fr\/actualites\/mobilisation-duplomb\/\" target=\"_blank\" rel=\"noreferrer noopener nofollow\">36 collectifs, syndicats et associations<\/a>, ce texte \u00ab\u00a0acc\u00e9l\u00e8re la disparition de l\u2019agriculture paysanne et \u00e9cologique, pour satisfaire les int\u00e9r\u00eats de l\u2019agrobusiness\u00a0\u00bb.<\/p>\n<p>Pour appuyer cette assertion, Alsace nature d\u00e9taille que la proposition de loi \u00ab\u00a0pr\u00e9voit la r\u00e9introduction de certains pesticides\u00a0\u00bb, \u00ab\u00a0facilite la cr\u00e9ation de m\u00e9ga-bassines et d\u2019\u00e9levages industriels\u00a0\u00bb, \u00ab\u00a0facilite la destruction des zones humides\u00a0\u00bb et \u00ab\u00a0affaiblit les actions port\u00e9es par l\u2019Office fran\u00e7ais de la biodiversit\u00e9\u00a0\u00bb.<\/p>\n<p>Le syndicat agricole Conf\u00e9d\u00e9ration paysanne Alsace organise la manifestation de Colmar. Il consid\u00e8re que si la proposition de loi \u00e9tait adopt\u00e9e, elle aurait des effets \u00ab\u00a0tr\u00e8s n\u00e9fastes\u00a0\u00bb sur \u00ab\u00a0la sant\u00e9 publique et la biodiversit\u00e9\u00a0\u00bb. Aux arguments de l\u2019association Alsace Nature, le syndicat ajoute \u00ab\u00a0la mise sous tutelle de l\u2019<a href=\"https:\/\/www.anses.fr\/fr\" target=\"_blank\" rel=\"noreferrer noopener nofollow\">Anses\u00a0\u00bb<\/a>, une agence ind\u00e9pendante, charg\u00e9e d\u2019agr\u00e9er et de r\u00e9glementer l\u2019usage des produits phytosanitaires en France.<\/p>\n<p>Y <strong>aller<\/strong><\/p>\n<p><strong>Manifestations contre la loi Duplomb<\/strong>, dimanche 29 juin 2025\u00a0:<\/p>\n<ul class=\"wp-block-list\">\n<li>9h30, place de la R\u00e9publique \u00e0 Strasbourg\u00a0\u2013 Neustatdt, avec Alsace nature, la Ligue pour la protection des oiseaux (LPO) Alsace et l\u2019Union nationale des associations familiales. <\/li>\n<li>11h, devant la pr\u00e9fecture du Haut-Rhin, 3 Rue Fleischhauer \u00e0 Colmar, avec la Conf\u00e9d\u00e9ration paysanne, la LPO Alsace et Alsace nature. <\/li>\n<\/ul>\n","protected":false},"excerpt":{"rendered":"Dimanche 29 juin, deux manifestations sont organis\u00e9es \u00e0 Strasbourg et Colmar contre la loi Duplomb, qui pr\u00e9voit d\u2019all\u00e9ger&hellip;\n","protected":false},"author":2,"featured_media":207321,"comment_status":"","ping_status":"","sticky":false,"template":"","format":"standard","meta":{"footnotes":""},"categories":[2820],"tags":[1111,11,327,22062,34638,1777,674,1011,27,775,2088,12,25,640],"class_list":{"0":"post-207320","1":"post","2":"type-post","3":"status-publish","4":"format-standard","5":"has-post-thumbnail","7":"category-strasbourg","8":"tag-actu","9":"tag-actualites","10":"tag-agriculture","11":"tag-alsace-nature","12":"tag-confederation-paysanne","13":"tag-eu","14":"tag-europe","15":"tag-fr","16":"tag-france","17":"tag-grand-est","18":"tag-manifestation","19":"tag-news","20":"tag-republique-francaise","21":"tag-strasbourg"},"share_on_mastodon":{"url":"https:\/\/pubeurope.com\/@fr\/114753070999949621","error":""},"_links":{"self":[{"href":"https:\/\/www.europesays.com\/fr\/wp-json\/wp\/v2\/posts\/207320","targetHints":{"allow":["GET"]}}],"collection":[{"href":"https:\/\/www.europesays.com\/fr\/wp-json\/wp\/v2\/posts"}],"about":[{"href":"https:\/\/www.europesays.com\/fr\/wp-json\/wp\/v2\/types\/post"}],"author":[{"embeddable":true,"href":"https:\/\/www.europesays.com\/fr\/wp-json\/wp\/v2\/users\/2"}],"replies":[{"embeddable":true,"href":"https:\/\/www.europesays.com\/fr\/wp-json\/wp\/v2\/comments?post=207320"}],"version-history":[{"count":0,"href":"https:\/\/www.europesays.com\/fr\/wp-json\/wp\/v2\/posts\/207320\/revisions"}],"wp:featuredmedia":[{"embeddable":true,"href":"https:\/\/www.europesays.com\/fr\/wp-json\/wp\/v2\/media\/207321"}],"wp:attachment":[{"href":"https:\/\/www.europesays.com\/fr\/wp-json\/wp\/v2\/media?parent=207320"}],"wp:term":[{"taxonomy":"category","embeddable":true,"href":"https:\/\/www.europesays.com\/fr\/wp-json\/wp\/v2\/categories?post=207320"},{"taxonomy":"post_tag","embeddable":true,"href":"https:\/\/www.europesays.com\/fr\/wp-json\/wp\/v2\/tags?post=207320"}],"curies":[{"name":"wp","href":"https:\/\/api.w.org\/{rel}","templated":true}]}}