{"id":207325,"date":"2025-06-27T02:56:29","date_gmt":"2025-06-27T02:56:29","guid":{"rendered":"https:\/\/www.europesays.com\/fr\/207325\/"},"modified":"2025-06-27T02:56:29","modified_gmt":"2025-06-27T02:56:29","slug":"a-pied-de-nice-a-brest-ils-font-une-halte-dans-le-sud-touraine","status":"publish","type":"post","link":"https:\/\/www.europesays.com\/fr\/207325\/","title":{"rendered":"\u00c0 pied de Nice \u00e0 Brest, ils font une halte dans le Sud-Touraine"},"content":{"rendered":"<p>Leur aventure a d\u00e9but\u00e9 le 18\u00a0mai 2025, \u00e0 Nice, sur la promenade des Anglais. Au lendemain d\u2019une rencontre entre l\u2019OGC Nice et le Stade Brestois, pour le compte de la 34e\u00a0journ\u00e9e de Ligue 1. Un clin d\u2019\u0153il \u00e0 leur p\u00e9riple. \u00ab\u00a0On est all\u00e9s au match, c\u2019\u00e9tait cocasse\u00a0\u00bb, glissent-ils&#8230;. <\/p>\n<p>    Cet article a \u00e9t\u00e9 tronqu\u00e9. Abonnez-vous pour lire l&rsquo;article complet sur notre site.<\/p>\n<p style=\"margin: 0 !important; padding: 0 !important; font-size: 12px !important;\">Cet article a \u00e9t\u00e9 tronqu\u00e9. Abonnez-vous pour lire l&rsquo;article complet.<\/p>\n<p>    <a href=\"https:\/\/www.lanouvellerepublique.fr\/abonnements\" style=\"display: inline-block; margin-top: 5px !important; padding: 6px 12px !important; background: #cb1c27; color: white; text-decoration: none; border-radius: 4px; font-size: 12px !important;\" target=\"_blank\" rel=\"noopener\"><br \/>\n      S&rsquo;abonner<br \/>\n    <\/a><\/p>\n","protected":false},"excerpt":{"rendered":"Leur aventure a d\u00e9but\u00e9 le 18\u00a0mai 2025, \u00e0 Nice, sur la promenade des Anglais. Au lendemain d\u2019une rencontre&hellip;\n","protected":false},"author":2,"featured_media":207326,"comment_status":"","ping_status":"","sticky":false,"template":"","format":"standard","meta":{"footnotes":""},"categories":[2819],"tags":[1392,1111,11,34639,1674,1777,674,1011,27,1387,1393,12,2401,882,34640,25],"class_list":{"0":"post-207325","1":"post","2":"type-post","3":"status-publish","4":"format-standard","5":"has-post-thumbnail","7":"category-nice","8":"tag-a-la-une-local","9":"tag-actu","10":"tag-actualites","11":"tag-bossay-sur-claise","12":"tag-communes","13":"tag-eu","14":"tag-europe","15":"tag-fr","16":"tag-france","17":"tag-indre-et-loire","18":"tag-loisirs","19":"tag-news","20":"tag-nice","21":"tag-provence-alpes-cote-dazur","22":"tag-randonnees-pedestres","23":"tag-republique-francaise"},"share_on_mastodon":{"url":"https:\/\/pubeurope.com\/@fr\/114753082701732165","error":""},"_links":{"self":[{"href":"https:\/\/www.europesays.com\/fr\/wp-json\/wp\/v2\/posts\/207325","targetHints":{"allow":["GET"]}}],"collection":[{"href":"https:\/\/www.europesays.com\/fr\/wp-json\/wp\/v2\/posts"}],"about":[{"href":"https:\/\/www.europesays.com\/fr\/wp-json\/wp\/v2\/types\/post"}],"author":[{"embeddable":true,"href":"https:\/\/www.europesays.com\/fr\/wp-json\/wp\/v2\/users\/2"}],"replies":[{"embeddable":true,"href":"https:\/\/www.europesays.com\/fr\/wp-json\/wp\/v2\/comments?post=207325"}],"version-history":[{"count":0,"href":"https:\/\/www.europesays.com\/fr\/wp-json\/wp\/v2\/posts\/207325\/revisions"}],"wp:featuredmedia":[{"embeddable":true,"href":"https:\/\/www.europesays.com\/fr\/wp-json\/wp\/v2\/media\/207326"}],"wp:attachment":[{"href":"https:\/\/www.europesays.com\/fr\/wp-json\/wp\/v2\/media?parent=207325"}],"wp:term":[{"taxonomy":"category","embeddable":true,"href":"https:\/\/www.europesays.com\/fr\/wp-json\/wp\/v2\/categories?post=207325"},{"taxonomy":"post_tag","embeddable":true,"href":"https:\/\/www.europesays.com\/fr\/wp-json\/wp\/v2\/tags?post=207325"}],"curies":[{"name":"wp","href":"https:\/\/api.w.org\/{rel}","templated":true}]}}