{"id":207332,"date":"2025-06-27T03:00:25","date_gmt":"2025-06-27T03:00:25","guid":{"rendered":"https:\/\/www.europesays.com\/fr\/207332\/"},"modified":"2025-06-27T03:00:25","modified_gmt":"2025-06-27T03:00:25","slug":"girondins-deux-nouveaux-arrivants-a-lacademie-bordelaise","status":"publish","type":"post","link":"https:\/\/www.europesays.com\/fr\/207332\/","title":{"rendered":"Girondins : deux nouveaux arrivants \u00e0 l&rsquo;Acad\u00e9mie bordelaise"},"content":{"rendered":"<p><img decoding=\"async\" src=\"https:\/\/www.europesays.com\/fr\/wp-content\/uploads\/2025\/05\/671_9244874eeeab709d07a37959e3fd7706.jpg\" alt=\"Girondins : deux nouveaux arrivants \u00e0 l'Acad\u00e9mie bordelaise\" class=\"img-responsive mt-3\"\/><\/p>\n<p class=\"text-center mb-3\" style=\"font-size: 14px\">\u00a9 Iconsport<\/p>\n<p><strong>Un attaquant et un d\u00e9fenseur<\/strong><\/p>\n<p style=\"text-align: justify;\">Louis Arnoult, d\u00e9fenseur, et Thomas Dijoux, attaquant, viennent de s\u2019engager avec les U15 des Marine et Blanc. Les deux jeunes joueurs ont \u00e9t\u00e9 repr\u00e9r\u00e9s au FCE M\u00e9rignac Arlac avant de rejoindre la pr\u00e9formation dirig\u00e9e par Rio Mavuba. Il s\u2019agit des 3e et 4e <a href=\"http:\/\/Louis%20Arnoult,%20d%C3%A9fenseur,%20et%20Thomas%20Dijoux,%20attaquant,%20viennent%20de%20s%E2%80%99engager%20avec%20les%20U15%20des%20Marine%20et%20Blanc.%20Les%20deux%20jeunes%20joueurs%20ont%20%C3%A9t%C3%A9%20form%C3%A9s%20au%20FCE%20M%C3%A9rignac%20Arlac%20avant%20de%20rejoindre%20la%20pr%C3%A9formation%20dirig%C3%A9e%20par%20Rio%20Mavuba.%20Il%20s%E2%80%99agit%20des%203e%20et%204e%20recrues%20estivales%20pour%20cette%20cat%C3%A9gorie.\" target=\"_blank\" rel=\"noopener\">recrues estivales<\/a> pour cette cat\u00e9gorie.<\/p>\n<p style=\"text-align: justify;\">Avant eux, deux autres jeunes talents avaient rejoint la pr\u00e9formation bordelaise : Ruben Romero Nunes, en provenance du FC Rive Droite, et Gabriel Dias, capitaine \u00e0 la Jeanne d\u2019Arc de Dax.<\/p>\n<p style=\"text-align: justify;\">\u00a0<\/p>\n<p style=\"text-align: justify;\"><img decoding=\"async\" src=\"https:\/\/www.europesays.com\/fr\/wp-content\/uploads\/2025\/06\/jeune15.PNG\" alt=\"jeune15.PNG (455 KB)\" style=\"width:700px;max-width:100%;\"\/><\/p>\n<p style=\"text-align: justify;\">compte instagram : fcgb_u18.u15<\/p>\n<p style=\"text-align: justify;\">\u00a0<\/p>\n<p style=\"text-align: justify;\">\u00c0 lire &gt;&gt; <strong><a href=\"https:\/\/www.webgirondins.com\/actualite-girondins-girondins-la-france-insoumise-s-indigne-de-la-decision-du-tribunal-de-commerce-129553\" target=\"_blank\" rel=\"noopener\">Girondins : la France Insoumise s\u2019indigne de la d\u00e9cision du tribunal de commerce<\/a><\/strong><\/p>\n<p style=\"text-align: justify;\">\u00a0<\/p>\n<p style=\"text-align: justify;\">Notre podcast court :<\/p>\n<p style=\"text-align: justify;\">\u00a0<\/p>\n<p style=\"text-align: justify;\">\u00a0<\/p>\n","protected":false},"excerpt":{"rendered":"\u00a9 Iconsport Un attaquant et un d\u00e9fenseur Louis Arnoult, d\u00e9fenseur, et Thomas Dijoux, attaquant, viennent de s\u2019engager avec&hellip;\n","protected":false},"author":2,"featured_media":86621,"comment_status":"","ping_status":"","sticky":false,"template":"","format":"standard","meta":{"footnotes":""},"categories":[2817],"tags":[26122,25570,1111,11,15160,1997,19659,4070,34641,2263,14078,1777,674,1011,27,1987,4074,3289,1434,9862,12,2845,2219,1113,471,18074,3051,14174,18859,25],"class_list":{"0":"post-207332","1":"post","2":"type-post","3":"status-publish","4":"format-standard","5":"has-post-thumbnail","7":"category-bordeaux","8":"tag-academie","9":"tag-activement","10":"tag-actu","11":"tag-actualites","12":"tag-arrivants","13":"tag-bordeaux","14":"tag-bordelaise","15":"tag-deux","16":"tag-enregistrent","17":"tag-equipe","18":"tag-equipes","19":"tag-eu","20":"tag-europe","21":"tag-fr","22":"tag-france","23":"tag-girondins","24":"tag-jeunes","25":"tag-leur","26":"tag-mercato","27":"tag-moment","28":"tag-news","29":"tag-nouveaux","30":"tag-nouvelle-aquitaine","31":"tag-nouvelles","32":"tag-pour","33":"tag-poursuivent","34":"tag-premiere","35":"tag-recrues","36":"tag-recrute","37":"tag-republique-francaise"},"share_on_mastodon":{"url":"https:\/\/pubeurope.com\/@fr\/114753098545783197","error":""},"_links":{"self":[{"href":"https:\/\/www.europesays.com\/fr\/wp-json\/wp\/v2\/posts\/207332","targetHints":{"allow":["GET"]}}],"collection":[{"href":"https:\/\/www.europesays.com\/fr\/wp-json\/wp\/v2\/posts"}],"about":[{"href":"https:\/\/www.europesays.com\/fr\/wp-json\/wp\/v2\/types\/post"}],"author":[{"embeddable":true,"href":"https:\/\/www.europesays.com\/fr\/wp-json\/wp\/v2\/users\/2"}],"replies":[{"embeddable":true,"href":"https:\/\/www.europesays.com\/fr\/wp-json\/wp\/v2\/comments?post=207332"}],"version-history":[{"count":0,"href":"https:\/\/www.europesays.com\/fr\/wp-json\/wp\/v2\/posts\/207332\/revisions"}],"wp:featuredmedia":[{"embeddable":true,"href":"https:\/\/www.europesays.com\/fr\/wp-json\/wp\/v2\/media\/86621"}],"wp:attachment":[{"href":"https:\/\/www.europesays.com\/fr\/wp-json\/wp\/v2\/media?parent=207332"}],"wp:term":[{"taxonomy":"category","embeddable":true,"href":"https:\/\/www.europesays.com\/fr\/wp-json\/wp\/v2\/categories?post=207332"},{"taxonomy":"post_tag","embeddable":true,"href":"https:\/\/www.europesays.com\/fr\/wp-json\/wp\/v2\/tags?post=207332"}],"curies":[{"name":"wp","href":"https:\/\/api.w.org\/{rel}","templated":true}]}}