{"id":207351,"date":"2025-06-27T03:14:23","date_gmt":"2025-06-27T03:14:23","guid":{"rendered":"https:\/\/www.europesays.com\/fr\/207351\/"},"modified":"2025-06-27T03:14:23","modified_gmt":"2025-06-27T03:14:23","slug":"aucun-magasin-negale-celui-la-ferme-depuis-lagression-de-son-directeur-le-lidl-a-enfin-rouvert-a-bondy","status":"publish","type":"post","link":"https:\/\/www.europesays.com\/fr\/207351\/","title":{"rendered":"\u00ab\u00a0Aucun magasin n\u2019\u00e9gale celui-l\u00e0\u00a0\u00bb\u00a0: ferm\u00e9 depuis l\u2019agression de son directeur, le Lidl a enfin rouvert \u00e0 Bondy"},"content":{"rendered":"<p class=\"paragraph text_align_left lp-f-body-02\">\u00ab J\u2019esp\u00e8re que ceux qui font \u00e7a vont se remettre en question, que les gens vont se respecter un peu plus, commente Nadjet, 39 ans. Ce sont leurs parents, leurs familles qui paient. \u00bb Ce jeudi matin, la m\u00e8re de trois enfants retrouve avec plaisir son magasin pr\u00e9f\u00e9r\u00e9. \u00ab J\u2019habite juste \u00e0 c\u00f4t\u00e9, c\u2019est tr\u00e8s pratique, je peux m\u00eame envoyer mes enfants faire une course, explique-t-elle. Pendant quatre mois, il fallait prendre la voiture, c\u2019\u00e9tait compliqu\u00e9. \u00bb<\/p>\n","protected":false},"excerpt":{"rendered":"\u00ab J\u2019esp\u00e8re que ceux qui font \u00e7a vont se remettre en question, que les gens vont se respecter&hellip;\n","protected":false},"author":2,"featured_media":207352,"comment_status":"","ping_status":"","sticky":false,"template":"","format":"standard","meta":{"footnotes":""},"categories":[1888],"tags":[11,1777,674,1011,27,1944,12,626,25,1945],"class_list":{"0":"post-207351","1":"post","2":"type-post","3":"status-publish","4":"format-standard","5":"has-post-thumbnail","7":"category-paris","8":"tag-actualites","9":"tag-eu","10":"tag-europe","11":"tag-fr","12":"tag-france","13":"tag-ma-ville","14":"tag-news","15":"tag-paris","16":"tag-republique-francaise","17":"tag-seine-saint-denis"},"share_on_mastodon":{"url":"https:\/\/pubeurope.com\/@fr\/114753153970995437","error":""},"_links":{"self":[{"href":"https:\/\/www.europesays.com\/fr\/wp-json\/wp\/v2\/posts\/207351","targetHints":{"allow":["GET"]}}],"collection":[{"href":"https:\/\/www.europesays.com\/fr\/wp-json\/wp\/v2\/posts"}],"about":[{"href":"https:\/\/www.europesays.com\/fr\/wp-json\/wp\/v2\/types\/post"}],"author":[{"embeddable":true,"href":"https:\/\/www.europesays.com\/fr\/wp-json\/wp\/v2\/users\/2"}],"replies":[{"embeddable":true,"href":"https:\/\/www.europesays.com\/fr\/wp-json\/wp\/v2\/comments?post=207351"}],"version-history":[{"count":0,"href":"https:\/\/www.europesays.com\/fr\/wp-json\/wp\/v2\/posts\/207351\/revisions"}],"wp:featuredmedia":[{"embeddable":true,"href":"https:\/\/www.europesays.com\/fr\/wp-json\/wp\/v2\/media\/207352"}],"wp:attachment":[{"href":"https:\/\/www.europesays.com\/fr\/wp-json\/wp\/v2\/media?parent=207351"}],"wp:term":[{"taxonomy":"category","embeddable":true,"href":"https:\/\/www.europesays.com\/fr\/wp-json\/wp\/v2\/categories?post=207351"},{"taxonomy":"post_tag","embeddable":true,"href":"https:\/\/www.europesays.com\/fr\/wp-json\/wp\/v2\/tags?post=207351"}],"curies":[{"name":"wp","href":"https:\/\/api.w.org\/{rel}","templated":true}]}}