{"id":207357,"date":"2025-06-27T03:17:19","date_gmt":"2025-06-27T03:17:19","guid":{"rendered":"https:\/\/www.europesays.com\/fr\/207357\/"},"modified":"2025-06-27T03:17:19","modified_gmt":"2025-06-27T03:17:19","slug":"de-nouvelles-recrues-nord-coreennes-pour-poutine-et-des-manoeuvres-qui-inquietent-la-finlande-2","status":"publish","type":"post","link":"https:\/\/www.europesays.com\/fr\/207357\/","title":{"rendered":"De nouvelles recrues nord-cor\u00e9ennes pour Poutine et des man\u0153uvres qui inqui\u00e8tent la Finlande"},"content":{"rendered":"<p><strong>R\u00e9cap &#8211; \u00ab\u00a020 Minutes\u00a0\u00bb fait le point pour vous tous les soirs sur le conflit en Ukraine. Ce jeudi, l\u2019arriv\u00e9e d\u2019un nouveau contingent de soldats nord-cor\u00e9ens pour \u00e9pauler les Russes a \u00e9t\u00e9 annonc\u00e9e<\/strong><\/p>\n<p>Vous avez rat\u00e9 les derniers \u00e9v\u00e9nements sur la <a href=\"https:\/\/www.20minutes.fr\/monde\/ukraine\/?at_medium=RSS%20feed&amp;at_campaign=ynews&amp;utm_source=yahoo&amp;utm_medium=rss&amp;utm_campaign=news_feed&amp;utm_content=in_article_link\" rel=\"nofollow noopener\" target=\"_blank\" data-ylk=\"slk:guerre en Ukraine;elm:context_link;itc:0;sec:content-canvas\" class=\"link \">guerre en Ukraine<\/a>\u00a0? 20 Minutes fait le point pour vous tous les soirs. Voici l\u2019essentiel de ce jeudi 26\u00a0juin 2025, 1.219e jour du conflit.<\/p>\n<p>Le fait du jour<\/p>\n<p>Les soldats de <a href=\"https:\/\/www.20minutes.fr\/monde\/kim_jong_un\/?at_medium=RSS%20feed&amp;at_campaign=ynews&amp;utm_source=yahoo&amp;utm_medium=rss&amp;utm_campaign=news_feed&amp;utm_content=in_article_link\" rel=\"nofollow noopener\" target=\"_blank\" data-ylk=\"slk:Kim Jong-un;elm:context_link;itc:0;sec:content-canvas\" class=\"link \">Kim Jong-un<\/a> pr\u00e9parent leur come-back sur le front. La Cor\u00e9e du Nord devrait en effet envoyer \u00ab\u00a0d\u00e8s juillet ou ao\u00fbt\u00a0\u00bb de nouvelles troupes \u00e0 la <a href=\"https:\/\/www.20minutes.fr\/monde\/russie\/?at_medium=RSS%20feed&amp;at_campaign=ynews&amp;utm_source=yahoo&amp;utm_medium=rss&amp;utm_campaign=news_feed&amp;utm_content=in_article_link\" rel=\"nofollow noopener\" target=\"_blank\" data-ylk=\"slk:Russie;elm:context_link;itc:0;sec:content-canvas\" class=\"link \">Russie<\/a>, croit savoir un d\u00e9put\u00e9 sud-cor\u00e9en, sur la foi des informations du renseignement sud-cor\u00e9en. \u00ab\u00a0La <a href=\"https:\/\/www.20minutes.fr\/monde\/coree_du_nord\/?at_medium=RSS%20feed&amp;at_campaign=ynews&amp;utm_source=yahoo&amp;utm_medium=rss&amp;utm_campaign=news_feed&amp;utm_content=in_article_link\" rel=\"nofollow noopener\" target=\"_blank\" data-ylk=\"slk:Cor\u00e9e du Nord;elm:context_link;itc:0;sec:content-canvas\" class=\"link \">Cor\u00e9e du Nord<\/a> continue d\u2019envoyer des troupes et de fournir des armes \u00e0 la Russie, et nous constatons que son soutien a jou\u00e9 un r\u00f4le important dans les efforts de Moscou pour reprendre Koursk\u00a0\u00bb, a d\u00e9clar\u00e9 le d\u00e9put\u00e9 Lee Seong-kweun apr\u00e8s un briefing avec le Service de Renseignement National sud-cor\u00e9en (NIS). Apr\u00e8s avoir longtemps ni\u00e9 leur pr\u00e9sence, <a href=\"https:\/\/www.20minutes.fr\/monde\/vladimir_poutine\/?at_medium=RSS%20feed&amp;at_campaign=ynews&amp;utm_source=yahoo&amp;utm_medium=rss&amp;utm_campaign=news_feed&amp;utm_content=in_article_link\" rel=\"nofollow noopener\" target=\"_blank\" data-ylk=\"slk:Vladimir Poutine;elm:context_link;itc:0;sec:content-canvas\" class=\"link \">Vladimir Poutine<\/a> a r\u00e9cemment remerci\u00e9 les soldats nord-cor\u00e9ens qui ont particip\u00e9 aux combats du c\u00f4t\u00e9 de la r\u00e9gion russe de Russe de Koursk, en partie occup\u00e9e par les troupes de Kiev depuis l\u2019\u00e9t\u00e9\u00a02024 et dont la Russie a annonc\u00e9 avoir enti\u00e8rement r\u00e9tabli le contr\u00f4le fin avril.<\/p>\n<p>Environ 600 soldats nord-cor\u00e9ens ont \u00e9t\u00e9 tu\u00e9s et des milliers d\u2019autres bless\u00e9s en combattant pour la Russie, selon le d\u00e9put\u00e9 sud-cor\u00e9en.<\/p>\n<p>La d\u00e9claration du jour<\/p>\n<blockquote class=\"caas-blockquote\">\n<p>Nous consid\u00e9rerons le travail et les d\u00e9cisions de cet organe [le tribunal sp\u00e9cial pour l\u2019Ukraine] comme nulles et non avenues<\/p>\n<\/blockquote>\n<p>Maria Zakharova, la porte-parole du minist\u00e8re russe des Affaires \u00e9trang\u00e8res, a fustig\u00e9 jeudi l\u2019accord sign\u00e9 la veille entr(&#8230;)<\/p>\n<p><a href=\"https:\/\/www.20minutes.fr\/monde\/ukraine\/4160649-20250626-guerre-ukraine-nouvelles-recrues-nord-coreennes-poutine-man-uvres-inquietent-finlande?at_medium=RSS%20feed&amp;at_campaign=ynews&amp;utm_source=yahoo&amp;utm_medium=rss&amp;utm_campaign=news_feed&amp;utm_content=read_more_link&quot;\" rel=\"nofollow noopener\" target=\"_blank\" data-ylk=\"slk:Lire la suite sur 20minutes;elm:context_link;itc:0;sec:content-canvas\" class=\"link \">Lire la suite sur 20minutes<\/a><\/p>\n<p>\u00c0 lire aussi :<br \/><a href=\"https:\/\/www.20minutes.fr\/monde\/ukraine\/4160641-20250626-guerre-ukraine-navire-russe-deguise-frole-cotes-francaises-britanniques?at_medium=RSS%20feed&amp;at_campaign=ynews&amp;utm_source=yahoo&amp;utm_medium=rss&amp;utm_campaign=news_feed&amp;utm_content=related_content_link\" rel=\"nofollow noopener\" target=\"_blank\" data-ylk=\"slk:Guerre en Ukraine\u00a0: Un navire russe \u00ab\u00a0d\u00e9guis\u00e9\u00a0\u00bb a-t-il fr\u00f4l\u00e9 les c\u00f4tes fran\u00e7aises et britanniques\u00a0?;elm:context_link;itc:0;sec:content-canvas\" class=\"link \">Guerre en Ukraine\u00a0: Un navire russe \u00ab\u00a0d\u00e9guis\u00e9\u00a0\u00bb a-t-il fr\u00f4l\u00e9 les c\u00f4tes fran\u00e7aises et britanniques\u00a0?<\/a><br \/><a href=\"https:\/\/www.20minutes.fr\/monde\/ukraine\/4160418-20250625-guerre-ukraine-trump-otan-rassurent-peu-zelensky-poutine-ira-rio?at_medium=RSS%20feed&amp;at_campaign=ynews&amp;utm_source=yahoo&amp;utm_medium=rss&amp;utm_campaign=news_feed&amp;utm_content=related_content_link\" rel=\"nofollow noopener\" target=\"_blank\" data-ylk=\"slk:Guerre en Ukraine\u00a0: Trump et l\u2019Otan rassurent (un peu) Zelensky, Poutine n\u2019ira pas \u00e0 Rio;elm:context_link;itc:0;sec:content-canvas\" class=\"link \">Guerre en Ukraine\u00a0: Trump et l\u2019Otan rassurent (un peu) Zelensky, Poutine n\u2019ira pas \u00e0 Rio<\/a><\/p>\n","protected":false},"excerpt":{"rendered":"R\u00e9cap &#8211; \u00ab\u00a020 Minutes\u00a0\u00bb fait le point pour vous tous les soirs sur le conflit en Ukraine. Ce&hellip;\n","protected":false},"author":2,"featured_media":207358,"comment_status":"","ping_status":"","sticky":false,"template":"","format":"standard","meta":{"footnotes":""},"categories":[1590],"tags":[642,11,13987,1777,674,2489,12,34646,220],"class_list":{"0":"post-207357","1":"post","2":"type-post","3":"status-publish","4":"format-standard","5":"has-post-thumbnail","7":"category-ukraine","8":"tag-20-minutes","9":"tag-actualites","10":"tag-coree-du-nord","11":"tag-eu","12":"tag-europe","13":"tag-la-russie","14":"tag-news","15":"tag-renseignement-national","16":"tag-ukraine"},"share_on_mastodon":{"url":"https:\/\/pubeurope.com\/@fr\/114753165339012088","error":""},"_links":{"self":[{"href":"https:\/\/www.europesays.com\/fr\/wp-json\/wp\/v2\/posts\/207357","targetHints":{"allow":["GET"]}}],"collection":[{"href":"https:\/\/www.europesays.com\/fr\/wp-json\/wp\/v2\/posts"}],"about":[{"href":"https:\/\/www.europesays.com\/fr\/wp-json\/wp\/v2\/types\/post"}],"author":[{"embeddable":true,"href":"https:\/\/www.europesays.com\/fr\/wp-json\/wp\/v2\/users\/2"}],"replies":[{"embeddable":true,"href":"https:\/\/www.europesays.com\/fr\/wp-json\/wp\/v2\/comments?post=207357"}],"version-history":[{"count":0,"href":"https:\/\/www.europesays.com\/fr\/wp-json\/wp\/v2\/posts\/207357\/revisions"}],"wp:featuredmedia":[{"embeddable":true,"href":"https:\/\/www.europesays.com\/fr\/wp-json\/wp\/v2\/media\/207358"}],"wp:attachment":[{"href":"https:\/\/www.europesays.com\/fr\/wp-json\/wp\/v2\/media?parent=207357"}],"wp:term":[{"taxonomy":"category","embeddable":true,"href":"https:\/\/www.europesays.com\/fr\/wp-json\/wp\/v2\/categories?post=207357"},{"taxonomy":"post_tag","embeddable":true,"href":"https:\/\/www.europesays.com\/fr\/wp-json\/wp\/v2\/tags?post=207357"}],"curies":[{"name":"wp","href":"https:\/\/api.w.org\/{rel}","templated":true}]}}