{"id":207365,"date":"2025-06-27T03:21:15","date_gmt":"2025-06-27T03:21:15","guid":{"rendered":"https:\/\/www.europesays.com\/fr\/207365\/"},"modified":"2025-06-27T03:21:15","modified_gmt":"2025-06-27T03:21:15","slug":"porter-les-relations-vietnam-europe-centrale-et-orientale-a-une-nouvelle-hauteur","status":"publish","type":"post","link":"https:\/\/www.europesays.com\/fr\/207365\/","title":{"rendered":"Porter les relations Vietnam &#8211; Europe centrale et orientale \u00e0 une nouvelle hauteur"},"content":{"rendered":"<p>&#13;<br \/>\n                        Porter les relations Vietnam &#8211; Europe centrale et orientale \u00e0 une nouvelle hauteur&#13;\n                    <\/p>\n<p style=\"text-align:\">Le minist\u00e8re des Affaires \u00e9trang\u00e8res, en coop\u00e9ration avec les ambassades de six pays d\u2019Europe centrale et orientale &#8211; Pologne, Slovaquie, R\u00e9publique tch\u00e8que, Hongrie, Roumanie et Bulgarie -, a organis\u00e9 le 26 juin un colloque comm\u00e9moratif intitul\u00e9 : \u00ab\u00a075 ans d\u2019\u00e9tablissement des relations diplomatiques entre le Vietnam et les pays d\u2019Europe centrale et orientale : Renforcer l\u2019amiti\u00e9, intensifier la coop\u00e9ration, regarder vers l\u2019avenir\u00a0\u00bb.<\/p>\n<p><a href=\"https:\/\/lecourrier.vn\/le-pm-pham-minh-chinh-acheve-sa-tournee-en-pologne-en-republique-tcheque-et-en-suisse\/1276532.html\" title=\"Le PM Pham Minh Chinh ach\u00e8ve sa tourn\u00e9e en Pologne, en R\u00e9publique tch\u00e8que et en Suisse\" target=\"_blank\" rel=\"noopener\">&gt;&gt; Le PM Pham Minh Chinh ach\u00e8ve sa tourn\u00e9e en Pologne, en R\u00e9publique tch\u00e8que et en Suisse<\/a><\/p>\n<p><a href=\"https:\/\/lecourrier.vn\/le-vietnam-et-la-pologne-renforcent-leur-cooperation-en-matiere-de-defense\/1279839.html\" title=\"Le Vietnam et la Pologne renforcent leur coop\u00e9ration en mati\u00e8re de d\u00e9fense\" target=\"_blank\" rel=\"noopener\">&gt;&gt; Le Vietnam et la Pologne renforcent leur coop\u00e9ration en mati\u00e8re de d\u00e9fense<\/a><\/p>\n<p><a href=\"https:\/\/lecourrier.vn\/renforcement-de-lamitie-entre-le-vietnam-et-la-hongrie\/1284365.html\" title=\"Renforcement de l&#039;amiti\u00e9 entre le Vietnam et la Hongrie\" target=\"_blank\" rel=\"noopener\">&gt;&gt; Renforcement de l&rsquo;amiti\u00e9 entre le Vietnam et la Hongrie<\/a><\/p>\n<p><a href=\"https:\/\/lecourrier.vn\/la-hongrie-considere-le-vietnam-comme-un-partenaire-strategique-fiable-et-important-en-asie-du-sud-est\/1284927.html\" title=\"La Hongrie consid\u00e8re le Vietnam comme un partenaire strat\u00e9gique fiable et important en Asie du Sud-Est\" target=\"_blank\" rel=\"noopener\">&gt;&gt; La Hongrie consid\u00e8re le Vietnam comme un partenaire strat\u00e9gique fiable et important en Asie du Sud-Est<\/a><\/p>\n<tr>\n<td class=\"pic\"><img decoding=\"async\" class=\"lazyload\" src=\"https:\/\/www.europesays.com\/fr\/wp-content\/uploads\/2025\/06\/092745-vna_potal_hoi_thao_nhan_75_nam_thiet_lap_quan_he_ngoai_giao_viet_nam_-_cac_nuoc_trung_dong_au.jpeg\" alt=\"\"\/><\/td>\n<\/tr>\n<tr>\n<td class=\"caption\">Le vice-Premier ministre Tr\u00e2n H\u00f4ng H\u00e0 prend la parole lors du colloque.\u00a0<\/td>\n<\/tr>\n<tr align=\"right\">\n<td class=\"author\">Photo : VNA\/CVN<\/td>\n<\/tr>\n<p style=\"text-align:left\">Ces six pays figurent parmi les premiers au monde \u00e0 avoir reconnu et \u00e9tabli des relations diplomatiques avec le Vietnam en 1950.<\/p>\n<p style=\"text-align:left\">Prenant la parole \u00e0 l\u2019\u00e9v\u00e9nement, le vice-Premier ministre Tr\u00e2n H\u00f4ng H\u00e0 a soulign\u00e9 l\u2019importance de ce colloque, le qualifiant d\u2019opportunit\u00e9 pour les deux parties de revisiter 75 ann\u00e9es de coop\u00e9ration fructueuse, tout en jetant les bases d\u2019un avenir de partenariat \u00e9largi dans de multiples domaines.<\/p>\n<p style=\"text-align:left\">Il a exprim\u00e9 sa reconnaissance pour le soutien sinc\u00e8re, solidaire et efficace apport\u00e9 par ces pays au Vietnam au fil des d\u00e9cennies. De nombreux h\u00f4pitaux, \u00e9coles et usines construits gr\u00e2ce \u00e0 l\u2019aide de ces nations sont aujourd\u2019hui des symboles vivants de cette amiti\u00e9.<\/p>\n<p style=\"text-align:left\">Le vice-Premier ministre a propos\u00e9 cinq orientations majeures pour hisser les relations Vietnam &#8211; Europe centrale et orientale \u00e0 un nouveau palier : renforcer le dialogue politique afin d\u2019accro\u00eetre la confiance mutuelle ; promouvoir la coop\u00e9ration \u00e9conomique et viser un volume d\u2019\u00e9changes commerciaux de 15 milliards de dollars d\u2019ici 2030 ; \u00e9largir la collaboration dans des domaines d\u2019avenir tels que l\u2019intelligence artificielle, l\u2019\u00e9nergie verte et les sciences et technologies ; intensifier les \u00e9changes culturels et entre les peuples ; renforcer la coordination multilat\u00e9rale.<\/p>\n<p style=\"text-align:left\">Il a \u00e9galement r\u00e9affirm\u00e9 l\u2019engagement du Vietnam \u00e0 offrir un cadre politique, juridique et d\u2019investissement favorable \u00e0 une coop\u00e9ration mutuellement b\u00e9n\u00e9fique.<\/p>\n<p style=\"text-align:left\">Pr\u00e9sente au colloque, la vice-ministre des Affaires \u00e9trang\u00e8res L\u00ea Thi Thu Hang a assur\u00e9 que son minist\u00e8re continuerait \u00e0 travailler \u00e9troitement avec les partenaires d\u2019Europe centrale et orientale pour concr\u00e9tiser les id\u00e9es et initiatives en projets concrets, efficaces et conformes aux priorit\u00e9s communes.<\/p>\n<tr>\n<td class=\"pic\"><img decoding=\"async\" class=\"lazyload\" src=\"https:\/\/www.europesays.com\/fr\/wp-content\/uploads\/2025\/06\/092652-vna_potal_hoi_thao_nhan_75_nam_thiet_lap_quan_he_ngoai_giao_viet_nam_-_cac_nuoc_trung_dong_au.jpeg\" alt=\"\"\/><\/td>\n<\/tr>\n<tr>\n<td class=\"caption\">Le vice-Premier ministre Tr\u00e2n H\u00f4ng H\u00e0 et les invit\u00e9s d&rsquo;honneur au colloque.\u00a0<\/td>\n<\/tr>\n<tr align=\"right\">\n<td class=\"author\">Photo : VNA\/CVN<\/td>\n<\/tr>\n<p style=\"text-align:left\">S\u2019exprimant au nom du corps diplomatique, l\u2019ambassadeur de la R\u00e9publique tch\u00e8que au Vietnam, Hynek Kmonicek, a soulign\u00e9 que les peuples de ces r\u00e9gions, marqu\u00e9s par leur pass\u00e9 de conflits, comprenaient et admiraient la r\u00e9silience du Vietnam dans sa lutte pour l\u2019ind\u00e9pendance. Cette solidarit\u00e9 s\u2019est mu\u00e9e, selon lui, en un v\u00e9ritable partenariat. Il a aussi mis en avant l\u2019importance des \u00e9changes entre les peuples, de politiques de visas souples et de liaisons a\u00e9riennes directes comme leviers concrets au service de la coop\u00e9ration bilat\u00e9rale.<\/p>\n<p style=\"text-align:left\">Le professeur associ\u00e9 Huynh Quy\u00eat Thang, directeur de l\u2019Universit\u00e9 polytechnique de Hano\u00ef et pr\u00e9sident de l\u2019Association d\u2019amiti\u00e9 Vietnam &#8211; Bulgarie, a pr\u00e9sent\u00e9 trois propositions \u00e0 long terme : promouvoir la diplomatie populaire \u00e0 travers des associations d\u2019amiti\u00e9 \u00e9largies ; cr\u00e9er une alliance universitaire et de recherche entre le Vietnam et les pays de la r\u00e9gion ; renforcer la coop\u00e9ration entre entreprises dans les secteurs de la transformation, de la valorisation agricole et pharmaceutique.<\/p>\n<p style=\"text-align:left\">En marge du colloque, une vingtaine d\u2019entreprises vietnamiennes et d\u2019Europe centrale et orientale ont organis\u00e9 des stands d\u2019exposition et de pr\u00e9sentation de produits agricoles et m\u00e9dicaux, dans l\u2019objectif de d\u00e9velopper les \u00e9changes et les opportunit\u00e9s de coop\u00e9ration.<\/p>\n<p style=\"text-align:right\"><b>VNA\/CVN<\/b><\/p>\n","protected":false},"excerpt":{"rendered":"&#13; Porter les relations Vietnam &#8211; Europe centrale et orientale \u00e0 une nouvelle hauteur&#13; Le minist\u00e8re des Affaires&hellip;\n","protected":false},"author":2,"featured_media":207366,"comment_status":"","ping_status":"","sticky":false,"template":"","format":"standard","meta":{"footnotes":""},"categories":[1586],"tags":[11,1777,674,34647,34648,1011,27,12,34649,10811,25,951],"class_list":{"0":"post-207365","1":"post","2":"type-post","3":"status-publish","4":"format-standard","5":"has-post-thumbnail","7":"category-europe","8":"tag-actualites","9":"tag-eu","10":"tag-europe","11":"tag-europe-centrale","12":"tag-europe-orientale","13":"tag-fr","14":"tag-france","15":"tag-news","16":"tag-nouvelle-hauteur","17":"tag-relations","18":"tag-republique-francaise","19":"tag-vietnam"},"share_on_mastodon":{"url":"https:\/\/pubeurope.com\/@fr\/114753181177066488","error":""},"_links":{"self":[{"href":"https:\/\/www.europesays.com\/fr\/wp-json\/wp\/v2\/posts\/207365","targetHints":{"allow":["GET"]}}],"collection":[{"href":"https:\/\/www.europesays.com\/fr\/wp-json\/wp\/v2\/posts"}],"about":[{"href":"https:\/\/www.europesays.com\/fr\/wp-json\/wp\/v2\/types\/post"}],"author":[{"embeddable":true,"href":"https:\/\/www.europesays.com\/fr\/wp-json\/wp\/v2\/users\/2"}],"replies":[{"embeddable":true,"href":"https:\/\/www.europesays.com\/fr\/wp-json\/wp\/v2\/comments?post=207365"}],"version-history":[{"count":0,"href":"https:\/\/www.europesays.com\/fr\/wp-json\/wp\/v2\/posts\/207365\/revisions"}],"wp:featuredmedia":[{"embeddable":true,"href":"https:\/\/www.europesays.com\/fr\/wp-json\/wp\/v2\/media\/207366"}],"wp:attachment":[{"href":"https:\/\/www.europesays.com\/fr\/wp-json\/wp\/v2\/media?parent=207365"}],"wp:term":[{"taxonomy":"category","embeddable":true,"href":"https:\/\/www.europesays.com\/fr\/wp-json\/wp\/v2\/categories?post=207365"},{"taxonomy":"post_tag","embeddable":true,"href":"https:\/\/www.europesays.com\/fr\/wp-json\/wp\/v2\/tags?post=207365"}],"curies":[{"name":"wp","href":"https:\/\/api.w.org\/{rel}","templated":true}]}}