{"id":207375,"date":"2025-06-27T03:28:29","date_gmt":"2025-06-27T03:28:29","guid":{"rendered":"https:\/\/www.europesays.com\/fr\/207375\/"},"modified":"2025-06-27T03:28:29","modified_gmt":"2025-06-27T03:28:29","slug":"les-30-glorieuses-du-top-14-le-scandale-des-faux-deficients-mentaux-de-sydney-les-documentaires-de-la-semaine-a-ne-pas-manquer","status":"publish","type":"post","link":"https:\/\/www.europesays.com\/fr\/207375\/","title":{"rendered":"Les 30 glorieuses du Top\u00a014, le scandale des faux d\u00e9ficients mentaux de Sydney&#8230; Les documentaires de la semaine \u00e0 ne pas manquer"},"content":{"rendered":"<p>Le Top 14, une histoire de pros, sur Canal+ <\/p>\n<p class=\"Paragraph__content\" data-v-e14a34bc=\"\">C&rsquo;\u00e9tait il y a trente ans. Un monde o\u00f9 les joueurs de rugby ne s&rsquo;entra\u00eenaient alors que trois fois par semaine et avaient, au moins officiellement, un \u00ab\u00a0vrai m\u00e9tier\u00a0\u00bb. Enfin, jusqu&rsquo;en ao\u00fbt 1995 et\u00a0la r\u00e9volution copernicienne du passage au professionnalisme. R\u00e9volution qui nous est cont\u00e9e dans L&rsquo;Odyss\u00e9e du Top 14, ce dimanche \u00e0 21\u00a0heures sur Canal+, au lendemain de la finale entre Toulouse et Bordeaux-B\u00e8gles. Dans ce documentaire r\u00e9alis\u00e9 par \u00c9ric Bayle et \u00c9tienne Pidoux, on parcourt les trois d\u00e9cennies qui ont boulevers\u00e9 le rugby, sur le terrain, dans les tribunes et sur les \u00e9crans.<\/p>\n<p class=\"Paragraph__content\" data-v-e14a34bc=\"\">\u00ab\u00a0Le rugby va-t-il perdre son \u00e2me\u00a0?\u00a0\u00bb, s&rsquo;interroge-t-on au d\u00e9part, alors que les supporters sont dubitatifs. Le docu revisite l&rsquo;\u00e9volution du rugby fran\u00e7ais \u00e0 travers les t\u00e9moignages de ses acteurs majeurs, de Serge Blanco \u00e0 Fabien Galthi\u00e9 en passant par \u00c9mile Ntamack, Fabien Pelous et Antoine Dupont. On vibre \u00e0 l&rsquo;\u00e9vocation de la rivalit\u00e9 entre Toulouse et le Stade Fran\u00e7ais, <a href=\"https:\/\/www.lequipe.fr\/Rugby\/top-14\/page-palmares-equipes\/par-annee\" notaddlevel=\"true\" target=\"_blank\" rel=\"nofollow noopener\">dix-sept boucliers<\/a> de Brennus au total (11 et 6) depuis 1996, \u00e0 l&rsquo;arriv\u00e9e des stars plan\u00e9taires Dan Carter et Jonny Wilkinson, aux g\u00e9niaux coups marketing de Max Guazzini, \u00e0 l&rsquo;\u00e9v\u00e8nement de cette<a href=\"https:\/\/www.lequipe.fr\/Rugby\/Actualites\/En-battant-toulon-le-racing-92-est-sacre-champion-de-france\/698977\" notaddlevel=\"true\" target=\"_blank\" rel=\"nofollow noopener\"> finale 2016 <\/a>du Top 14 au Camp Nou de Barcelone devant 100\u00a0000 spectateurs, \u00e0 l&rsquo;\u00e9volution des entra\u00eenements et du suivi des joueurs. \u00ab\u00a0Et dire que quand j&rsquo;ai commenc\u00e9 \u00e0 Graulhet, on mangeait du confit de cochon sur les aires d&rsquo;autoroute\u00a0\u00bb, se rem\u00e9more un Pelous hilare\u00a0!<\/p>\n<p>                      L&rsquo;or d\u00e9voy\u00e9, sur beIN Sports <\/p>\n<p class=\"Paragraph__content\" data-v-e14a34bc=\"\">L&rsquo;histoire est connue\u00a0: en 2000 \u00e0 Sydney, les basketteurs espagnols d\u00e9crochent le premier titre de l&rsquo;histoire des Jeux paralympiques d\u00e9cern\u00e9 dans la cat\u00e9gorie \u00ab\u00a0handicap mental\u00a0\u00bb. Avant de devoir rendre les m\u00e9dailles. Par l&rsquo;interm\u00e9diaire d&rsquo;un joueur fra\u00eechement dipl\u00f4m\u00e9 en journalisme qui se dira plus tard \u00ab\u00a0infiltr\u00e9\u00a0\u00bb, les m\u00e9dias r\u00e9v\u00e8lent que parmi les douze basketteurs s\u00e9lectionn\u00e9s, seuls deux souffraient r\u00e9ellement d&rsquo;un handicap. L&rsquo;or vol\u00e9, documentaire d&rsquo;ESPN propos\u00e9 ce jeudi \u00e0 22\u00a0heures sur beIN Sports 1 dans la case beIN Story, revient sur cette histoire. \u00ab\u00a0Ce qu&rsquo;ils ont fait n&rsquo;est pas humain. Ils ont pris mon \u00e2me\u00a0\u00bb. Prononc\u00e9s en d\u00e9but de reportage, les mots de Ramon Torres Soto, un des deux joueurs r\u00e9ellement en situation de handicap, r\u00e9sonneront puissance 10 une fois le film achev\u00e9.<\/p>\n<p>Outre un proc\u00e8s exp\u00e9ditif (un seul condamn\u00e9, Fernando Martin, \u00e0 l&rsquo;origine de la supercherie, pour faux documents et fraude), les t\u00e9moignages des rares protagonistes ayant accept\u00e9 de parler interpellent. Comment Carlos Ribagorda, le journaliste infiltr\u00e9, peut-il justifier de ne pas avoir d\u00e9nonc\u00e9 la tricherie avant la finale\u00a0? Adolfo Povera, compagnon de chambre de Torres \u00e0 Sydney, dit \u00ab\u00a0penser \u00e0 cette histoire tous les jours\u00a0\u00bb. Quelques larmes coulent sur ses joues, mais personne ne pr\u00e9sente d&rsquo;excuses \u00e0 Ramon et Juan Pareja (le second joueur en situation de handicap) qui ont vu leur monde s&rsquo;effondrer. Ramon sombrera m\u00eame dans l&rsquo;alcool. Il se fera tatouer une grande partie du corps. \u00ab\u00a0La douleur d\u00e9vorait mon \u00e2me. J&rsquo;ai pris ma col\u00e8re et je l&rsquo;ai mise sur ma peau pour montrer que j&rsquo;avais \u00e7a en moi.\u00a0\u00bb<\/p>\n<p>                      La musculation dans tous ses \u00e9tats, sur Arte.tv <\/p>\n<p class=\"Paragraph__content\" data-v-e14a34bc=\"\">Barrette dans les cheveux, visage maquill\u00e9, la jeune photographi\u00e9e porte un d\u00e9bardeur laissant fi\u00e8rement appara\u00eetre&#8230; des biscotos \u00e0 la Popeye\u00a0! Il s&rsquo;agit d&rsquo;une \u00ab\u00a0femme Hercule\u00a0\u00bb, comme on nommait au d\u00e9but des ann\u00e9es 1900 celles capables de soulever des halt\u00e8res mais aussi des pianos ou des automobiles. Plus tard, \u00ab\u00a0le mouvement f\u00e9ministe a jou\u00e9 un r\u00f4le tr\u00e8s important dans le d\u00e9veloppement de l&rsquo;industrie du fitness\u00a0\u00bb, t\u00e9moigne l&rsquo;historienne Natalia Mehlman Petrzela dans Halt\u00e8re ego.<\/p>\n<p>Disponible sur Arte.tv, le documentaire balaye en 43 minutes l&rsquo;histoire de la musculation (au sens de faire travailler ses muscles, pas seulement en mode halt\u00e9rophilie ou bodybuilding). On y apprend que les pionniers de la musculation douce, Joseph Pilates ou Jack LaLanne (cr\u00e9ateur en 1951 aux \u00c9tats-Unis de la premi\u00e8re \u00e9mission t\u00e9l\u00e9 consacr\u00e9e \u00e0 l&rsquo;exercice physique) ont \u00e9t\u00e9 accus\u00e9s de charlatanisme. Depuis, \u00ab\u00a0on est pass\u00e9 d&rsquo;une sous-culture louche \u00e0 quelque chose de plus universel, une sorte d&rsquo;imp\u00e9ratif social\u00a0\u00bb, analyse Mehlman Petrzela. \u00c0 tel point que les salles de sport d\u00e9gagent un chiffre d&rsquo;affaires mondial de 100\u00a0milliards d&rsquo;euros, toujours en hausse. Le film, un peu d\u00e9cousu dans sa construction, <a href=\"https:\/\/www.lequipe.fr\/Tous-sports\/Article\/L-hyrox-cette-discipline-qui-allie-course-a-pied-et-exercices-fonctionnels-connait-un-succes-foudroyant\/1554739\" notaddlevel=\"true\" target=\"_blank\" rel=\"nofollow noopener\">d\u00e9crypte aussi le ph\u00e9nom\u00e8ne Hyrox<\/a>, ce nouveau format associant \u00e9preuves de force, d&rsquo;endurance et de souplesse o\u00f9 les femmes constituent souvent la moiti\u00e9 des engag\u00e9s.<\/p>\n","protected":false},"excerpt":{"rendered":"Le Top 14, une histoire de pros, sur Canal+ C&rsquo;\u00e9tait il y a trente ans. Un monde o\u00f9&hellip;\n","protected":false},"author":2,"featured_media":207376,"comment_status":"","ping_status":"","sticky":false,"template":"","format":"standard","meta":{"footnotes":""},"categories":[1416],"tags":[1011,27,479,1468,60],"class_list":{"0":"post-207375","1":"post","2":"type-post","3":"status-publish","4":"format-standard","5":"has-post-thumbnail","7":"category-rugby","8":"tag-fr","9":"tag-france","10":"tag-rugby","11":"tag-rugby-football","12":"tag-sports"},"share_on_mastodon":{"url":"https:\/\/pubeurope.com\/@fr\/114753208519865452","error":""},"_links":{"self":[{"href":"https:\/\/www.europesays.com\/fr\/wp-json\/wp\/v2\/posts\/207375","targetHints":{"allow":["GET"]}}],"collection":[{"href":"https:\/\/www.europesays.com\/fr\/wp-json\/wp\/v2\/posts"}],"about":[{"href":"https:\/\/www.europesays.com\/fr\/wp-json\/wp\/v2\/types\/post"}],"author":[{"embeddable":true,"href":"https:\/\/www.europesays.com\/fr\/wp-json\/wp\/v2\/users\/2"}],"replies":[{"embeddable":true,"href":"https:\/\/www.europesays.com\/fr\/wp-json\/wp\/v2\/comments?post=207375"}],"version-history":[{"count":0,"href":"https:\/\/www.europesays.com\/fr\/wp-json\/wp\/v2\/posts\/207375\/revisions"}],"wp:featuredmedia":[{"embeddable":true,"href":"https:\/\/www.europesays.com\/fr\/wp-json\/wp\/v2\/media\/207376"}],"wp:attachment":[{"href":"https:\/\/www.europesays.com\/fr\/wp-json\/wp\/v2\/media?parent=207375"}],"wp:term":[{"taxonomy":"category","embeddable":true,"href":"https:\/\/www.europesays.com\/fr\/wp-json\/wp\/v2\/categories?post=207375"},{"taxonomy":"post_tag","embeddable":true,"href":"https:\/\/www.europesays.com\/fr\/wp-json\/wp\/v2\/tags?post=207375"}],"curies":[{"name":"wp","href":"https:\/\/api.w.org\/{rel}","templated":true}]}}