{"id":207379,"date":"2025-06-27T03:30:42","date_gmt":"2025-06-27T03:30:42","guid":{"rendered":"https:\/\/www.europesays.com\/fr\/207379\/"},"modified":"2025-06-27T03:30:42","modified_gmt":"2025-06-27T03:30:42","slug":"cp-landes-poursuit-son-partenariat-avec-la-ffbb-andes-association-nationale-des-elus-en-charge-du-sport","status":"publish","type":"post","link":"https:\/\/www.europesays.com\/fr\/207379\/","title":{"rendered":"CP \u2013 L\u2019ANDES poursuit son partenariat avec la FFBB \u2013 ANDES \u2013 Association Nationale des Elus en charge du Sport"},"content":{"rendered":"<p>Communiqu\u00e9 de presse \u2013 06 mars 2025<\/p>\n<p><strong><img fetchpriority=\"high\" decoding=\"async\" src=\"https:\/\/www.europesays.com\/fr\/wp-content\/uploads\/2025\/06\/officiel_andes_ffbb_1.jpg\" alt=\"\" width=\"500\" height=\"363\"\/><\/strong><\/p>\n<p>Suite \u00e0 la signature d\u2019une premi\u00e8re convention de partenariat en 2019, la FFBB et l\u2019ANDES (Association Nationale Des Elus au Sport), ont renouvel\u00e9 leur collaboration le 6 mars 2025 au si\u00e8ge de la F\u00e9d\u00e9ration, dans un contexte budg\u00e9taire contraint pour l\u2019ensemble des collectivit\u00e9s locales.<\/p>\n<p>Alors que le Basket Fran\u00e7ais rayonne gr\u00e2ce \u00e0 ses trois m\u00e9dailles olympiques r\u00e9centes aux Jeux de Paris 2024 avec pr\u00e8s de 790 000 licenci\u00e9s (+3%), et que les collectivit\u00e9s d\u00e9tiennent plus de 80 % des \u00e9quipements sportifs, une \u00e9troite collaboration entre les deux entit\u00e9s est essentielle pour le d\u00e9veloppement de cette discipline.<\/p>\n<p>Les structures et notamment les clubs, ont un r\u00f4le important \u00e0 jouer aupr\u00e8s des collectivit\u00e9s locales, constituant ainsi un bin\u00f4me de collaboration indispensable pour mettre en \u0153uvre les conditions n\u00e9cessaires au maintien d\u2019une politique sportive autour du d\u00e9veloppement du Basket-ball. Les deux structures r\u00e9v\u00e8lent une volont\u00e9 commune de poursuivre cette relation privil\u00e9gi\u00e9e, dans les m\u00eames conditions, et pour la dur\u00e9e de l\u2019olympiade en cours, soit jusqu\u2019au 31 D\u00e9cembre 2028.<\/p>\n<p>Les principaux enjeux sont les suivants :<\/p>\n<ul>\n<li>L\u2019\u00e9change autour de sujets d\u2019actualit\u00e9, notamment politiques, autour du d\u00e9veloppement du sport en France (budget, proposition de loi, etc.).<\/li>\n<li>Le partage de travaux dans le cadre d\u2019enqu\u00eates et \u00e9tudes aupr\u00e8s de leurs adh\u00e9rents.<\/li>\n<li>L\u2019organisation conjointe de temps d\u2019\u00e9changes th\u00e9matiques sur l\u2019Outre-mer, le Basket F\u00e9minin (LFB, LF2), les sujets d\u2019\u00e9co-responsabilit\u00e9, d\u2019inclusion, d\u2019\u00e9quipements sportifs, etc.<\/li>\n<li>Des interventions respectives dans le cadre des sessions de formation organis\u00e9es par la FFBB aupr\u00e8s de ses structures (Campus FFBB, \u00ab Automnales \u00bb, formation e-learning, etc\u2026).ou par l\u2019ANDES aupr\u00e8s des \u00e9lu.e.s locaux.<\/li>\n<li>La mise en relation des r\u00e9f\u00e9rents d\u00e9partements et territoriaux de l\u2019ANDES avec les structures de la FFBB (Comit\u00e9s et Ligues) pour une d\u00e9clinaison territoriale du partenariat.<\/li>\n<li>\u00a0<\/li>\n<\/ul>\n<p><strong>Mots des pr\u00e9sidents\u00a0: <\/strong><\/p>\n<p>\u00ab\u202fAu nom de l\u2019ANDES, je me r\u00e9jouis de cette reconduction de convention qui t\u00e9moigne de la force du lien quotidien, continue et privil\u00e9gi\u00e9 que nous entretenons avec la FFBB. Notre coop\u00e9ration, depuis plusieurs ann\u00e9es, prouve toute son efficacit\u00e9 dans un contexte budg\u00e9taire contraint, o\u00f9 les collectivit\u00e9s jouent un r\u00f4le essentiel pour d\u00e9velopper la pratique du Basket-ball, r\u00e9pondre aux besoins en \u00e9quipements et en encadrement et veiller aux attentes des f\u00e9d\u00e9rations en mati\u00e8re de normes et de r\u00e8glements. Au-del\u00e0 de l\u2019objectif ambitieux du \u201c1\u202f% du budget de l\u2019\u00c9tat consacr\u00e9 au sport d\u2019ici 2030\u201d, nous entendons \u0153uvrer ensemble pour encourager un investissement p\u00e9renne, visant \u00e0 promouvoir la pratique du ballon orange partout et pour tous.\u202f\u00bb<\/p>\n<p><strong>Patrick APPERE, Pr\u00e9sident de l\u2019ANDES<\/strong><\/p>\n<p>\u00ab A la FFBB, nous nous r\u00e9jouissons du renouvellement de ce partenariat qui nous lie \u00e0 l\u2019ANDES depuis plusieurs ann\u00e9es. Apr\u00e8s un nouveau record du nombre de licenci\u00e9s et un \u00e9t\u00e9 historique pour nos Equipes de France avec trois m\u00e9dailles d\u2019argent olympiques, c\u2019est une nouvelle preuve de la reconnaissance du travail de la f\u00e9d\u00e9ration et de l\u2019engouement que suscite le basket-ball en France. Comme beaucoup d\u2019autres F\u00e9d\u00e9rations, la FFBB fait face \u00e0 une croissance limit\u00e9 compte tenu du contexte budg\u00e9taire actuel et du manque de dirigeants. Je consid\u00e8re que c\u2019est en travaillant conjointement avec nos partenaires que nous pourrons trouver des solutions innovantes et concr\u00e8tes, dans l\u2019int\u00e9r\u00eat du d\u00e9veloppement du Basket-Ball en France.Ce partenariat passe \u00e9galement par une d\u00e9clinaison territoriale n\u00e9cessaire pour lever les freins au d\u00e9veloppement de nos structures et je sais compter sur Patrick APP\u00c9R\u00c9 et son \u00e9quipe pour nous accompagner.Je souhaite f\u00e9d\u00e9rer, dans un esprit d\u2019ouverture et dans cet \u00e9lan positif, avec nos partenaires historiques que sont les Collectivit\u00e9s Territoriales. Nous sommes fiers d\u2019avoir impulser, tr\u00e8s t\u00f4t, ces conventions de partenariat avec les associations d\u2019\u00e9lu.es. \u00bb<\/p>\n<p><strong>Jean-Pierre Hunckler, Pr\u00e9sident de la F\u00e9d\u00e9ration Fran\u00e7aise de BasketBall.<\/strong><\/p>\n<p><strong>Les derniers articles : <\/strong><\/p>\n","protected":false},"excerpt":{"rendered":"Communiqu\u00e9 de presse \u2013 06 mars 2025 Suite \u00e0 la signature d\u2019une premi\u00e8re convention de partenariat en 2019,&hellip;\n","protected":false},"author":2,"featured_media":207380,"comment_status":"","ping_status":"","sticky":false,"template":"","format":"standard","meta":{"footnotes":""},"categories":[1414],"tags":[1465,1464,1011,27,60],"class_list":{"0":"post-207379","1":"post","2":"type-post","3":"status-publish","4":"format-standard","5":"has-post-thumbnail","7":"category-basket","8":"tag-basket","9":"tag-basketball","10":"tag-fr","11":"tag-france","12":"tag-sports"},"share_on_mastodon":{"url":"https:\/\/pubeurope.com\/@fr\/114753216527791331","error":""},"_links":{"self":[{"href":"https:\/\/www.europesays.com\/fr\/wp-json\/wp\/v2\/posts\/207379","targetHints":{"allow":["GET"]}}],"collection":[{"href":"https:\/\/www.europesays.com\/fr\/wp-json\/wp\/v2\/posts"}],"about":[{"href":"https:\/\/www.europesays.com\/fr\/wp-json\/wp\/v2\/types\/post"}],"author":[{"embeddable":true,"href":"https:\/\/www.europesays.com\/fr\/wp-json\/wp\/v2\/users\/2"}],"replies":[{"embeddable":true,"href":"https:\/\/www.europesays.com\/fr\/wp-json\/wp\/v2\/comments?post=207379"}],"version-history":[{"count":0,"href":"https:\/\/www.europesays.com\/fr\/wp-json\/wp\/v2\/posts\/207379\/revisions"}],"wp:featuredmedia":[{"embeddable":true,"href":"https:\/\/www.europesays.com\/fr\/wp-json\/wp\/v2\/media\/207380"}],"wp:attachment":[{"href":"https:\/\/www.europesays.com\/fr\/wp-json\/wp\/v2\/media?parent=207379"}],"wp:term":[{"taxonomy":"category","embeddable":true,"href":"https:\/\/www.europesays.com\/fr\/wp-json\/wp\/v2\/categories?post=207379"},{"taxonomy":"post_tag","embeddable":true,"href":"https:\/\/www.europesays.com\/fr\/wp-json\/wp\/v2\/tags?post=207379"}],"curies":[{"name":"wp","href":"https:\/\/api.w.org\/{rel}","templated":true}]}}