{"id":207390,"date":"2025-06-27T03:37:13","date_gmt":"2025-06-27T03:37:13","guid":{"rendered":"https:\/\/www.europesays.com\/fr\/207390\/"},"modified":"2025-06-27T03:37:13","modified_gmt":"2025-06-27T03:37:13","slug":"exposition-raymond-depardon-au-pont-du-gard-la-photo-ne-sera-pas-aussi-belle-que-loriginal-mais-on-peut-en-temoigner-midi-libre","status":"publish","type":"post","link":"https:\/\/www.europesays.com\/fr\/207390\/","title":{"rendered":"Exposition Raymond Depardon au Pont du Gard : &quot;La photo ne sera pas aussi belle que l\u2019original, mais on peut en t\u00e9moigner&quot; &#8211; Midi Libre"},"content":{"rendered":"<ol>\n<li><a href=\"https:\/\/news.google.com\/rss\/articles\/CBMi-AFBVV95cUxPNTFKbjhleE1SY2dMS2dUamVfZ0Z1V2xKZHMyMkYtWUd1YjBoOHZwcVlFV2w0ZDYyWV8xLXZaNnA3YVBSdHVzVEhyeDBpeXRTN0Y4WXVqbEN4SVR4b0ZjeUkxcVVPQXd2b2IzRzd2NHhxcjJQVkVjVTF5aTZTTGZUZTV3bVhPTkdUM1M2MWlXY1ZNX3dMMmV2OUFqRFdBZzRtUWN3WC0ycGdyZkVSVlgta05sT2R1dGxzMTd4NkFJY3pGLXJqei1PNmJtLTVRWmRKM0ZqVFhqQVNOVTI1NzkwQ1Z4R1A3eDNWLUwzYWFKa1p6TU1abEZiZA?oc=5\" target=\"_blank\" rel=\"nofollow noopener\">Exposition Raymond Depardon au Pont du Gard : \u00ab\u00a0La photo ne sera pas aussi belle que l\u2019original, mais on peut en t\u00e9moigner\u00a0\u00bb<\/a>&nbsp;&nbsp;Midi Libre<\/li>\n<li><a href=\"https:\/\/news.google.com\/rss\/articles\/CBMiswFBVV95cUxQSGZ6ODV4U3gyQmk2d3dRaU1SQjE3NDdzZTlvMS1wOHRoREJhQmJWMElRcnZLdkxQZkY0X0dlTHdyaEo2dWtUQUpBdWg0UGxhd3ZkVmp4NmtpX0taVElJTE1rMDUtVkxlZzFNQkxlYWRVbkhxNXhsQ0lTOUtCSU50Ql9NNnBkZ19hdTZsTHdqZzZWQU5zejBfbTYwRklDMS1YUXZMTTFXTTFWVTM5SHlBRk1NNA?oc=5\" target=\"_blank\" rel=\"nofollow noopener\">Cinemed de Montpellier pr\u00e9pare une r\u00e9trospective des films de Raymond Depardon<\/a>&nbsp;&nbsp;Ecran Total<\/li>\n<li><a href=\"https:\/\/news.google.com\/rss\/articles\/CBMikAFBVV95cUxOOUZjR0xIMktJV0VBbDNrMmVkbklVRmVHeUFqZVpFSkFCRm53MWtLMW9wS01vaXdWRHRrZ0UwUjB6UmZ1Vi1Lcmh5bW9OSVFDUXluWFJqUjhzeXk5QWVpN2RNdnhvbmVwVDd1VVAwOWxCb0Y1dENXbUVyR2lKb0pZWWwzenJRYTR4MXFsRTFKMlU?oc=5\" target=\"_blank\" rel=\"nofollow noopener\">\u00c0 la Galerie Magnum, Raymond Depardon fait l\u2019\u00e9loge du passage<\/a>&nbsp;&nbsp;Fisheye Magazine<\/li>\n<li><a href=\"https:\/\/news.google.com\/rss\/articles\/CBMivgFBVV95cUxPak9HamFhNk54bVBPYmpMSTEteWpEdklPY1hVNUlhRGVsWUFfU1hDNUV4bUJOaVE5ejBNSDI4UV9HUEtweFdnRWJ6UG1QQWR5M1lQTVhfTnAyUjc0cDBVMGVEVDJXSkkxSkV3WXJkdE9NMHlSbEo0Q0xNYnlETkY1SlRNSHVPZzc5QUU0M3YzemJkbThyMHlZczNQUGZGQV9KMjlXZnlncTRidlJnYjdOa2VpbnVxQnZreHJMcE9B?oc=5\" target=\"_blank\" rel=\"nofollow noopener\">Pont du Gard | \u00ab Regards sur le Pont \u00bb, une exposition \u00e9v\u00e8nement pour les 40 ans du monument \u00e0 l\u2019UNESCO<\/a>&nbsp;&nbsp;L&rsquo;art vues<\/li>\n<li><a href=\"https:\/\/news.google.com\/rss\/articles\/CBMixAFBVV95cUxPTHNfMkRfdjhPeHpVRTVGaU9VUXdhZWxpQ3dld3ZzTEQ2VU9kOVpteUhLUXlwUXlVLTB4blFtUFZYcUszSTVhclRJWVdzOEtpalAtSEVTQno4STM0SlR5bDlVOWVqRXhVZkhvYl9obldRRWJPUlhGcTNDLVo5bmZUVEdPNTZmUTNLcEZSNEVNRDNFa3pDYVV5QXpVcERkZm9yNnFvbDJSbGNCXzdKNFBZbTJLTk51QjJ6MTl2aF9vT0lfaEc1?oc=5\" target=\"_blank\" rel=\"nofollow noopener\">Raymond Depardon a inaugur\u00e9 la derni\u00e8re exposition du Pont du Gard<\/a>&nbsp;&nbsp;mesinfos<\/li>\n<\/ol>\n","protected":false},"excerpt":{"rendered":"Exposition Raymond Depardon au Pont du Gard : \u00ab\u00a0La photo ne sera pas aussi belle que l\u2019original, mais&hellip;\n","protected":false},"author":2,"featured_media":1445,"comment_status":"","ping_status":"","sticky":false,"template":"","format":"standard","meta":{"footnotes":""},"categories":[1358],"tags":[1348,1384,1385,1386,58,59,1011,27],"class_list":{"0":"post-207390","1":"post","2":"type-post","3":"status-publish","4":"format-standard","5":"has-post-thumbnail","7":"category-arts-et-design","8":"tag-arts","9":"tag-arts-and-design","10":"tag-arts-et-design","11":"tag-design","12":"tag-divertissement","13":"tag-entertainment","14":"tag-fr","15":"tag-france"},"share_on_mastodon":{"url":"https:\/\/pubeurope.com\/@fr\/114753243915301349","error":""},"_links":{"self":[{"href":"https:\/\/www.europesays.com\/fr\/wp-json\/wp\/v2\/posts\/207390","targetHints":{"allow":["GET"]}}],"collection":[{"href":"https:\/\/www.europesays.com\/fr\/wp-json\/wp\/v2\/posts"}],"about":[{"href":"https:\/\/www.europesays.com\/fr\/wp-json\/wp\/v2\/types\/post"}],"author":[{"embeddable":true,"href":"https:\/\/www.europesays.com\/fr\/wp-json\/wp\/v2\/users\/2"}],"replies":[{"embeddable":true,"href":"https:\/\/www.europesays.com\/fr\/wp-json\/wp\/v2\/comments?post=207390"}],"version-history":[{"count":0,"href":"https:\/\/www.europesays.com\/fr\/wp-json\/wp\/v2\/posts\/207390\/revisions"}],"wp:featuredmedia":[{"embeddable":true,"href":"https:\/\/www.europesays.com\/fr\/wp-json\/wp\/v2\/media\/1445"}],"wp:attachment":[{"href":"https:\/\/www.europesays.com\/fr\/wp-json\/wp\/v2\/media?parent=207390"}],"wp:term":[{"taxonomy":"category","embeddable":true,"href":"https:\/\/www.europesays.com\/fr\/wp-json\/wp\/v2\/categories?post=207390"},{"taxonomy":"post_tag","embeddable":true,"href":"https:\/\/www.europesays.com\/fr\/wp-json\/wp\/v2\/tags?post=207390"}],"curies":[{"name":"wp","href":"https:\/\/api.w.org\/{rel}","templated":true}]}}