{"id":207393,"date":"2025-06-27T03:39:23","date_gmt":"2025-06-27T03:39:23","guid":{"rendered":"https:\/\/www.europesays.com\/fr\/207393\/"},"modified":"2025-06-27T03:39:23","modified_gmt":"2025-06-27T03:39:23","slug":"lucas-est-obsede-par-alix-bientot-la-rupture-entre-margot-et-akim-le-resume-de-lepisode-1678-du-vendredi-27-juin-2025","status":"publish","type":"post","link":"https:\/\/www.europesays.com\/fr\/207393\/","title":{"rendered":"Lucas est obs\u00e9d\u00e9 par Alix, bient\u00f4t la rupture entre Margot et Akim ? Le r\u00e9sum\u00e9 de l&rsquo;\u00e9pisode 1678 du vendredi 27 juin 2025"},"content":{"rendered":"<p><b>Vendredi 27 juin 2025 dans<\/b> <b>Un si grand soleil<\/b>, dont deux anciennes <a href=\"https:\/\/www.programme-tv.net\/news\/people\/379196-un-si-grand-soleil-deux-acteurs-emblematiques-de-la-serie-officialisent-leur-couple\/\" data-api-deeplink=\"teleloisirs:\/\/news\/379196\" target=\"_blank\" rel=\"noopener\">stars ont officialis\u00e9 leur idylle<\/a> et <a href=\"https:\/\/www.programme-tv.net\/news\/series-tv\/380190-un-si-grand-soleil-un-personnage-principal-devoile-son-tout-nouveau-look-ce-soir-et-c-est-tres-reussi-photo\/\" data-api-deeplink=\"teleloisirs:\/\/news\/380190\" target=\"_blank\" rel=\"noopener\">un personnage principal a chang\u00e9 de look<\/a>&#8230; Enferm\u00e9 chez lui, Lucas continue d\u2019\u00e9pingler des articles li\u00e9s \u00e0 la galerie d\u2019art. Lorsqu\u2019Emma tente une nouvelle fois de le joindre, il ignore son appel. De son c\u00f4t\u00e9, Alix est \u00e0 l&rsquo;h\u00f4pital avec Ulysse qui s&rsquo;inqui\u00e8te de la voir g\u00e9rer seule la galerie. Mais elle le rassure, elle a trouv\u00e9 quelqu&rsquo;un pour l&rsquo;\u00e9pauler : Lucas. Cette nouvelle ne r\u00e9jouit pas forc\u00e9ment Ulysse.<\/p>\n<p>Un si grand soleil en avance : La belle complicit\u00e9 entre Florent et Achille<\/p>\n<p>L&rsquo;humeur est d\u00e9tendue chez C\u00e9cile et Florent, qui s&rsquo;occupe avec beaucoup de d\u00e9licatesse de sa compagne et plaisante avec Achille. En fin de journ\u00e9e, Florent retrouve Achille \u00e0 la maison. Pour faire suite \u00e0 leur conversation sur le sens de la justice, il lui offre un livre de Robert Badinter. Il en profite pour lui confier qu&rsquo;il a conscience que sa relation avec C\u00e9cile a \u00e9t\u00e9 compliqu\u00e9e ces derni\u00e8res semaines mais que tout est rentr\u00e9 dans l&rsquo;ordre. Il est heureux avec eux.<\/p>\n<p>                        Un si grand soleil en avance : Bient\u00f4t la rupture entre Margot et Akim ?<\/p>\n<p>De bon matin, Margot est stress\u00e9e. Elle demande \u00e0 Florent de partir au plus vite pour le cabinet, craignant les foudres de Claudine. Et justement cette derni\u00e8re s&rsquo;entretient au parloir avec Ravello, qui lui met la pression pour le faire sortir au plus vite. La tension est grande entre l&rsquo;avocate et son client. Au m\u00eame moment, C\u00e9cile s&rsquo;entretient avec Becker justement \u00e0 propos de cette affaire. Frustr\u00e9e par le manque de preuves, elle n&rsquo;aura bient\u00f4t peut-\u00eatre plus d&rsquo;autre option que de rel\u00e2cher Ravello. Elle demande alors au commissaire de ne pas rel\u00e2cher la pression. Peu apr\u00e8s au cabinet, Claudine tente de manipuler Florent pour obtenir des informations sur l\u2019affaire Ravello. Margot peine \u00e0 jongler entre sa carri\u00e8re et sa vie personnelle. Distante avec Akim, elle repousse sa venue \u00e0 Montpellier, pr\u00e9textant une surcharge de travail. Malgr\u00e9 les efforts de ce dernier, Margot garde ses distances. Leur couple est-il en danger ?<\/p>\n<p>            Un si grand soleil en avance : Lucas est obs\u00e9d\u00e9 par Alix<\/p>\n<p>N&rsquo;ayant pas de nouvelles de Lucas, Emma se confie \u00e0 Victor, qui lui conseille de l\u00e2cher l&rsquo;affaire avec lui. \u00c0 la galerie, la complicit\u00e9 entre Alix et Lucas grandit. Alors qu&rsquo;il se rend \u00e0 la poste, Lucas est accost\u00e9 par Bertrand, qui lui parle d&rsquo;Alix et du comportement parfois erratique de son ex-femme. G\u00ean\u00e9 par ces confidences, Lucas prend tout de m\u00eame la carte de ce dernier. \u00c0 la galerie, <a href=\"https:\/\/www.programme-tv.net\/news\/series-tv\/381570-un-si-grand-soleil-qui-est-vraiment-lucas-que-cache-ce-mysterieux-jeune-homme-alix-est-subjuguee-et-intriguee-confie-nadia-fossier\/\" data-api-deeplink=\"teleloisirs:\/\/news\/381570\" target=\"_blank\" rel=\"noopener\">la complicit\u00e9 entre Alix et Lucas intrigue<\/a>. Claudine, t\u00e9moin de cette proximit\u00e9, confronte Alix lors d\u2019un d\u00eener. Elle lui reproche de reproduire un sch\u00e9ma malsain, motiv\u00e9 par la ressemblance frappante entre Lucas et Guillaume, l\u2019homme qu\u2019elle a aim\u00e9 vingt ans plus t\u00f4t. Alix, troubl\u00e9e, nie tout lien affectif avec son nouvel assistant mais finit par admettre que le souvenir de Guillaume la hante encore.<\/p>\n<p>Inqui\u00e8te et frustr\u00e9e, Emma se rend directement chez Lucas. Se tenant devant sa porte, elle exige des explications. Il finit par lui ouvrir, niant vouloir la quitter mais se disant incapable de partager ce qu\u2019il traverse. Emma d\u00e9couvre alors les murs tapiss\u00e9s d\u2019articles, troubl\u00e9e par ce comportement obsessionnel. Lucas affirme \u00eatre bien avec elle mais traverse une phase difficile qu\u2019il peine \u00e0 exprimer.<\/p>\n","protected":false},"excerpt":{"rendered":"Vendredi 27 juin 2025 dans Un si grand soleil, dont deux anciennes stars ont officialis\u00e9 leur idylle et&hellip;\n","protected":false},"author":2,"featured_media":207394,"comment_status":"","ping_status":"","sticky":false,"template":"","format":"standard","meta":{"footnotes":""},"categories":[1356],"tags":[244,58,59,1011,27,876,22198,252,1364,9766,26118,26117],"class_list":{"0":"post-207393","1":"post","2":"type-post","3":"status-publish","4":"format-standard","5":"has-post-thumbnail","7":"category-television","8":"tag-commentaire","9":"tag-divertissement","10":"tag-entertainment","11":"tag-fr","12":"tag-france","13":"tag-france-3","14":"tag-france-tv","15":"tag-television","16":"tag-tv","17":"tag-un-si-grand-soleil","18":"tag-un-si-grand-soleil-ru00e9sumu00e9","19":"tag-un-si-grand-soleil-ru00e9sumu00e9-en-avance"},"share_on_mastodon":{"url":"https:\/\/pubeurope.com\/@fr\/114753251872136548","error":""},"_links":{"self":[{"href":"https:\/\/www.europesays.com\/fr\/wp-json\/wp\/v2\/posts\/207393","targetHints":{"allow":["GET"]}}],"collection":[{"href":"https:\/\/www.europesays.com\/fr\/wp-json\/wp\/v2\/posts"}],"about":[{"href":"https:\/\/www.europesays.com\/fr\/wp-json\/wp\/v2\/types\/post"}],"author":[{"embeddable":true,"href":"https:\/\/www.europesays.com\/fr\/wp-json\/wp\/v2\/users\/2"}],"replies":[{"embeddable":true,"href":"https:\/\/www.europesays.com\/fr\/wp-json\/wp\/v2\/comments?post=207393"}],"version-history":[{"count":0,"href":"https:\/\/www.europesays.com\/fr\/wp-json\/wp\/v2\/posts\/207393\/revisions"}],"wp:featuredmedia":[{"embeddable":true,"href":"https:\/\/www.europesays.com\/fr\/wp-json\/wp\/v2\/media\/207394"}],"wp:attachment":[{"href":"https:\/\/www.europesays.com\/fr\/wp-json\/wp\/v2\/media?parent=207393"}],"wp:term":[{"taxonomy":"category","embeddable":true,"href":"https:\/\/www.europesays.com\/fr\/wp-json\/wp\/v2\/categories?post=207393"},{"taxonomy":"post_tag","embeddable":true,"href":"https:\/\/www.europesays.com\/fr\/wp-json\/wp\/v2\/tags?post=207393"}],"curies":[{"name":"wp","href":"https:\/\/api.w.org\/{rel}","templated":true}]}}