{"id":207401,"date":"2025-06-27T03:44:14","date_gmt":"2025-06-27T03:44:14","guid":{"rendered":"https:\/\/www.europesays.com\/fr\/207401\/"},"modified":"2025-06-27T03:44:14","modified_gmt":"2025-06-27T03:44:14","slug":"france-inter-confie-a-bertrand-chameroy-le-billet-dhumour-de-7h55-apres-le-depart-de-matthieu-noel","status":"publish","type":"post","link":"https:\/\/www.europesays.com\/fr\/207401\/","title":{"rendered":"France Inter confie \u00e0 Bertrand Chameroy le billet d\u2019humour de 7h55 apr\u00e8s le d\u00e9part de Matthieu No\u00ebl"},"content":{"rendered":"<p>        <img decoding=\"async\" loading=\"lazy\" src=\"https:\/\/www.europesays.com\/fr\/wp-content\/uploads\/2025\/06\/6499fde_upload-1-m9vnahmiqmdx-screenshot-2025-06-26-19-55-27.png\"  width=\"728\" height=\"410\" alt=\"Bertrand Chameroy (ici dans \u00ab\u00a0C \u00e0 Vous\u00a0\u00bb le 25\u00a0juin) va succ\u00e9der \u00e0 Matthieu No\u00ebl pour le billet d\u2019humour dans la matinale de France Inter.\"\/>  <\/p>\n<p>Capture d\u2019\u00e9cran X (@cavousf5)<\/p>\n<p>Bertrand Chameroy (ici dans \u00ab\u00a0C \u00e0 Vous\u00a0\u00bb le 25\u00a0juin) va succ\u00e9der \u00e0 Matthieu No\u00ebl pour le billet d\u2019humour dans la matinale de France Inter.<\/p>\n<p class=\"asset asset-text\">M\u00c9DIAS &#8211; La nouvelle devrait plaire aux fans de C \u00e0 Vous. En plus du d\u00e9part de <a href=\"https:\/\/www.huffingtonpost.fr\/medias\/article\/je-serais-un-mauvais-choix-il-y-a-10-ans-lea-salame-ne-se-voyait-pas-du-tout-au-20-heures_251595.html\" rel=\"nofollow noopener\" target=\"_blank\">L\u00e9a Salam\u00e9<\/a> pour le 20\u00a0heures de France 2, Matthieu No\u00ebl avait annonc\u00e9 mercredi 25\u00a0juin qu\u2019il quittait sa chronique quotidienne dans le \u00ab\u00a07\/10\u00a0\u00bb. La radio publique n\u2019a pas du tout tard\u00e9 \u00e0 lui trouver un rempla\u00e7ant\u00a0: c\u2019est <a href=\"https:\/\/www.huffingtonpost.fr\/medias\/article\/bertrand-chameroy-revele-la-raison-de-son-absence-de-c-a-vous-en-janvier-et-ce-n-etait-pas-une-grippe_249034.html\" rel=\"nofollow noopener\" target=\"_blank\">Bertrand Chameroy<\/a> qui assurera le billet d\u2019humour \u00e0 la rentr\u00e9e prochaine.<\/p>\n<p class=\"asset asset-text\">L\u2019information, r\u00e9v\u00e9l\u00e9e par <a href=\"https:\/\/www.ozap.com\/actu\/france-inter-choisit-bertrand-chameroy-pour-remplacer-matthieu-noel-dans-la-matinale\/650575\" target=\"_blank\" rel=\"noopener nofollow\" title=\"Nouvelle fen\u00eatre\">Purem\u00e9dias<\/a>, a \u00e9t\u00e9 confirm\u00e9e par Ad\u00e8le\u00a0Van\u00a0Reeth, la patronne de France\u00a0Inter, dans une interview au <a href=\"https:\/\/www.leparisien.fr\/culture-loisirs\/tv\/adele-van-reeth-patronne-de-france-inter-nicolas-demorand-avait-tres-envie-de-rester-a-la-matinale-26-06-2025-HOL2B3M6OVDYJBQWFBBSU4KVAY.php\" target=\"_blank\" rel=\"noopener nofollow\" title=\"Nouvelle fen\u00eatre\">Parisien<\/a> mise en ligne ce jeudi 26\u00a0juin. \u00ab\u00a0Au billet d\u2019humour de 7h55, Matthieu No\u00ebl sera remplac\u00e9 par Bertrand Chameroy\u00a0\u00bb, a-t-elle formellement annonc\u00e9, saluant au passage son \u00ab\u00a0premier essai tr\u00e8s r\u00e9ussi au printemps\u00a0\u00bb, lorsqu\u2019il avait assur\u00e9 la chronique pendant le cong\u00e9 paternit\u00e9 du titulaire.<\/p>\n<p class=\"asset asset-text\">Chroniqueur cette ann\u00e9e dans C \u00e0 Vous, Bertrand Chameroy avait d\u00e9j\u00e0 assur\u00e9 des pastilles humoristiques \u00e0 la radio sur RTL. La chronique \u00ab\u00a0RTL sans filtre\u00a0\u00bb qui prenait place dans la matinale \u00e9tait assur\u00e9e par plusieurs humoristes en alternance, mais elle avait \u00e9t\u00e9 arr\u00eat\u00e9e apr\u00e8s une saison seulement.<\/p>\n<p>    Matthieu No\u00ebl reste aux manettes de \u00ab\u00a0Zoom Zoom Zen\u00a0\u00bb    <\/p>\n<p class=\"asset asset-text\">Dans les colonnes du Parisien, Ad\u00e8le\u00a0Van\u00a0Reeth a expliqu\u00e9 le choix de Bertrand Chameroy, \u00ab\u00a0quelqu\u2019un de dr\u00f4le et populaire, qui a aussi du culot\u00a0\u00bb. \u00ab\u00a0Il coche toutes les cases pour cet exercice\u00a0\u00bb, a affirm\u00e9 la directrice de France Inter, estimant que le billet humoristique juste avant le journal de 8\u00a0heures doit offrir une \u00ab\u00a0soupape\u00a0\u00bb o\u00f9 le chroniqueur ose dire \u00ab\u00a0tout haut ce que tout le monde pense tout bas\u00a0\u00bb, notamment sur les membres de l\u2019\u00e9quipe. Un exercice auquel Bertrand Chameroy est d\u00e9j\u00e0 bien rod\u00e9 avec son ABC diffus\u00e9 chaque soir dans C \u00e0 Vous.<\/p>\n<p class=\"asset asset-text\">Interrog\u00e9e sur le d\u00e9part de Matthieu No\u00ebl, Ad\u00e8le\u00a0Van\u00a0Reeth a confirm\u00e9 qu\u2019il restera aux commandes de son \u00e9mission quotidienne Zoom Zoom Zen, sur laquelle \u00ab\u00a0il avait envie de se concentrer\u00a0\u00bb. \u00ab\u00a0J\u2019ai essay\u00e9 de le convaincre de rester \u00e0 7h55\u00a0car il y \u00e9tait excellent, mais je comprends son choix\u00a0\u00bb, a-t-elle d\u00e9clar\u00e9 au sujet du journaliste r\u00e9cemment devenu papa, \u00ab\u00a0je ne demanderai jamais \u00e0 quelqu\u2019un de sacrifier sa vie de famille pour l\u2019antenne\u00a0\u00bb.<\/p>\n<p class=\"asset asset-text\">La patronne d\u2019Inter a par ailleurs confirm\u00e9 que Nicolas Demorand resterait \u00e0 la matinale, malgr\u00e9 le d\u00e9part de sa bin\u00f4me de longue date L\u00e9a Salam\u00e9. \u00ab\u00a0D\u00e8s l\u2019annonce\u00a0\u00bb de l\u2019arriv\u00e9e de cette derni\u00e8re au 20\u00a0heures, \u00ab\u00a0il est venu nous dire qu\u2019il avait tr\u00e8s envie de rester [\u2026] la saison prochaine\u00a0\u00bb, a assur\u00e9 Ad\u00e8le\u00a0Van\u00a0Reeth, selon qui le taulier de la matinale a \u00ab\u00a0tr\u00e8s envie de travailler avec Benjamin Duhamel\u00a0\u00bb, qui arrive de BFMTV.<\/p>\n","protected":false},"excerpt":{"rendered":"Capture d\u2019\u00e9cran X (@cavousf5) Bertrand Chameroy (ici dans \u00ab\u00a0C \u00e0 Vous\u00a0\u00bb le 25\u00a0juin) va succ\u00e9der \u00e0 Matthieu No\u00ebl&hellip;\n","protected":false},"author":2,"featured_media":207402,"comment_status":"","ping_status":"","sticky":false,"template":"","format":"standard","meta":{"footnotes":""},"categories":[8],"tags":[11343,251,58,59,1011,27,9102,500,1825],"class_list":{"0":"post-207401","1":"post","2":"type-post","3":"status-publish","4":"format-standard","5":"has-post-thumbnail","7":"category-divertissement","8":"tag-bertrand-chameroy","9":"tag-culture","10":"tag-divertissement","11":"tag-entertainment","12":"tag-fr","13":"tag-france","14":"tag-france-inter","15":"tag-medias","16":"tag-radio"},"share_on_mastodon":{"url":"https:\/\/pubeurope.com\/@fr\/114753271598207407","error":""},"_links":{"self":[{"href":"https:\/\/www.europesays.com\/fr\/wp-json\/wp\/v2\/posts\/207401","targetHints":{"allow":["GET"]}}],"collection":[{"href":"https:\/\/www.europesays.com\/fr\/wp-json\/wp\/v2\/posts"}],"about":[{"href":"https:\/\/www.europesays.com\/fr\/wp-json\/wp\/v2\/types\/post"}],"author":[{"embeddable":true,"href":"https:\/\/www.europesays.com\/fr\/wp-json\/wp\/v2\/users\/2"}],"replies":[{"embeddable":true,"href":"https:\/\/www.europesays.com\/fr\/wp-json\/wp\/v2\/comments?post=207401"}],"version-history":[{"count":0,"href":"https:\/\/www.europesays.com\/fr\/wp-json\/wp\/v2\/posts\/207401\/revisions"}],"wp:featuredmedia":[{"embeddable":true,"href":"https:\/\/www.europesays.com\/fr\/wp-json\/wp\/v2\/media\/207402"}],"wp:attachment":[{"href":"https:\/\/www.europesays.com\/fr\/wp-json\/wp\/v2\/media?parent=207401"}],"wp:term":[{"taxonomy":"category","embeddable":true,"href":"https:\/\/www.europesays.com\/fr\/wp-json\/wp\/v2\/categories?post=207401"},{"taxonomy":"post_tag","embeddable":true,"href":"https:\/\/www.europesays.com\/fr\/wp-json\/wp\/v2\/tags?post=207401"}],"curies":[{"name":"wp","href":"https:\/\/api.w.org\/{rel}","templated":true}]}}