{"id":207410,"date":"2025-06-27T03:50:17","date_gmt":"2025-06-27T03:50:17","guid":{"rendered":"https:\/\/www.europesays.com\/fr\/207410\/"},"modified":"2025-06-27T03:50:17","modified_gmt":"2025-06-27T03:50:17","slug":"girondins-romain-molina-evoque-une-influence-de-philippe-diallo","status":"publish","type":"post","link":"https:\/\/www.europesays.com\/fr\/207410\/","title":{"rendered":"Girondins : Romain Molina \u00e9voque une influence de Philippe Diallo"},"content":{"rendered":"<p><img decoding=\"async\" src=\"https:\/\/www.europesays.com\/fr\/wp-content\/uploads\/2025\/06\/671_bb9e6038a2ae7b8d3f38b5794400b644.jpg\" alt=\"Girondins : Romain Molina \u00e9voque une influence de Philippe Diallo\" class=\"img-responsive mt-3\"\/><\/p>\n<p class=\"text-center mb-3\" style=\"font-size: 14px\">\u00a9 Iconsport<\/p>\n<p><strong>\u201cOn a besoin de Bordeaux en Ligue 1 dans quelques ann\u00e9es\u201d<\/strong><\/p>\n<p>Romain Molina : \u201cNon seulement le plan de continuation a \u00e9t\u00e9 valid\u00e9 par le tribunal de commerce, je n\u2019ai m\u00eame pas de mots \u00e0 ce niveau-l\u00e0. <a href=\"https:\/\/www.webgirondins.com\/actualite-girondins-girondins-christine-bost-regrette-les-pertes-financieres-pour-bordeaux-metropole-129548\" target=\"_blank\" rel=\"noopener\">Le microcosme bordelais<\/a>, honn\u00eatement, pourrait se poser beaucoup de questions. Mais Philippe Diallo (pr\u00e9sident de la F\u00e9d\u00e9ration fran\u00e7aise de football) l\u2019a r\u00e9p\u00e9t\u00e9 plusieurs fois devant la FFF : on a besoin de Bordeaux en Ligue 1 dans quelques ann\u00e9es. L\u00e0, la F\u00e9d\u00e9 valide. Alors G\u00e9rard Lopez, la veille de la DNCG, met 9M\u20ac ; est-ce que les 9M\u20ac resteront sur les comptes de Bordeaux, c\u2019est une autre question. <\/p>\n<p>Le plan de continuit\u00e9, c\u2019est absolument d\u00e9sesp\u00e9rant. Certains vont dire : deux poids, deux mesures. On peut honn\u00eatement l\u2019entendre. Il n\u2019y a pas une uniformisation des d\u00e9cisions de la DNCG, et surtout, un manque de transparence.\u201d<\/p>\n<p>\u00a0<\/p>\n<p>\u00c0 lire &gt;&gt; <strong><a href=\"http:\/\/Girondins.%20J%C3%A9r%C3%B4me%20Rothen%20%20%22Il%20n%E2%80%99y%20a%20pas%20une%20ferveur%20populaire,%20il%20y%20en%20a%20tellement%20qui%20veulent%20la%20t%C3%AAte%20de%20Lopez%22\" target=\"_blank\" rel=\"noopener\">Girondins. J\u00e9r\u00f4me Rothen : \u00ab\u00a0Il n\u2019y a pas une ferveur populaire, il y en a tellement qui veulent la t\u00eate de Lopez\u00a0\u00bb<\/a><\/strong><\/p>\n<p>\u00a0<\/p>\n<p>Notre podcast court :<\/p>\n<p>\u00a0<\/p>\n<p>\u00a0<\/p>\n","protected":false},"excerpt":{"rendered":"\u00a9 Iconsport \u201cOn a besoin de Bordeaux en Ligue 1 dans quelques ann\u00e9es\u201d Romain Molina : \u201cNon seulement&hellip;\n","protected":false},"author":2,"featured_media":207411,"comment_status":"","ping_status":"","sticky":false,"template":"","format":"standard","meta":{"footnotes":""},"categories":[2],"tags":[28288,11,1997,3839,21464,1446,7891,34653,19766,3394,17586,1011,27,1987,27159,2957,3027,32228,12,6284,5355,471,18140,227,34652,133],"class_list":{"0":"post-207410","1":"post","2":"type-post","3":"status-publish","4":"format-standard","5":"has-post-thumbnail","7":"category-actualites","8":"tag-absolument","9":"tag-actualites","10":"tag-bordeaux","11":"tag-chaine","12":"tag-continuation","13":"tag-dans","14":"tag-denonce","15":"tag-desesperant","16":"tag-diallo","17":"tag-evoque","18":"tag-faveur","19":"tag-fr","20":"tag-france","21":"tag-girondins","22":"tag-influence","23":"tag-journaliste","24":"tag-manque","25":"tag-molina","26":"tag-news","27":"tag-philippe","28":"tag-plan","29":"tag-pour","30":"tag-romain","31":"tag-traitement","32":"tag-transparence","33":"tag-video"},"share_on_mastodon":{"url":"https:\/\/pubeurope.com\/@fr\/114753295186878326","error":""},"_links":{"self":[{"href":"https:\/\/www.europesays.com\/fr\/wp-json\/wp\/v2\/posts\/207410","targetHints":{"allow":["GET"]}}],"collection":[{"href":"https:\/\/www.europesays.com\/fr\/wp-json\/wp\/v2\/posts"}],"about":[{"href":"https:\/\/www.europesays.com\/fr\/wp-json\/wp\/v2\/types\/post"}],"author":[{"embeddable":true,"href":"https:\/\/www.europesays.com\/fr\/wp-json\/wp\/v2\/users\/2"}],"replies":[{"embeddable":true,"href":"https:\/\/www.europesays.com\/fr\/wp-json\/wp\/v2\/comments?post=207410"}],"version-history":[{"count":0,"href":"https:\/\/www.europesays.com\/fr\/wp-json\/wp\/v2\/posts\/207410\/revisions"}],"wp:featuredmedia":[{"embeddable":true,"href":"https:\/\/www.europesays.com\/fr\/wp-json\/wp\/v2\/media\/207411"}],"wp:attachment":[{"href":"https:\/\/www.europesays.com\/fr\/wp-json\/wp\/v2\/media?parent=207410"}],"wp:term":[{"taxonomy":"category","embeddable":true,"href":"https:\/\/www.europesays.com\/fr\/wp-json\/wp\/v2\/categories?post=207410"},{"taxonomy":"post_tag","embeddable":true,"href":"https:\/\/www.europesays.com\/fr\/wp-json\/wp\/v2\/tags?post=207410"}],"curies":[{"name":"wp","href":"https:\/\/api.w.org\/{rel}","templated":true}]}}