{"id":207412,"date":"2025-06-27T03:51:10","date_gmt":"2025-06-27T03:51:10","guid":{"rendered":"https:\/\/www.europesays.com\/fr\/207412\/"},"modified":"2025-06-27T03:51:10","modified_gmt":"2025-06-27T03:51:10","slug":"festival-mondial-de-la-magie-une-soiree-exceptionnelle-au-zenith-de-saint-etienne","status":"publish","type":"post","link":"https:\/\/www.europesays.com\/fr\/207412\/","title":{"rendered":"FESTIVAL MONDIAL DE LA MAGIE : UNE SOIREE EXCEPTIONNELLE AU ZENITH DE SAINT-ETIENNE"},"content":{"rendered":"<p>Cet \u00e9v\u00e9nement rassemblera les talents les plus remarquables de l\u2019art illusionniste international, promettant une exp\u00e9rience inoubliable aux spectateurs de tous \u00e2ges. Cette manifestation artistique s\u2019est d\u00e9j\u00e0 impos\u00e9e comme une r\u00e9f\u00e9rence incontest\u00e9e dans l\u2019univers de la prestidigitation. Avec plus de 60 000 personnes s\u00e9duites \u00e0 travers l\u2019Hexagone, l\u2019\u00e9v\u00e9nement confirme son statut de rendez-vous privil\u00e9gi\u00e9 pour d\u00e9couvrir les diff\u00e9rentes facettes de l\u2019art magique contemporain.<\/p>\n<p>L\u2019\u00e9dition 2026 mettra \u00e0 l\u2019honneur des artistes d\u2019exception, tous distingu\u00e9s par de multiples r\u00e9compenses lors des festivals internationaux les plus prestigieux. Ces ma\u00eetres de l\u2019illusion ont \u00e9galement marqu\u00e9 les t\u00e9l\u00e9spectateurs du monde entier gr\u00e2ce \u00e0 leurs apparitions dans des \u00e9missions t\u00e9l\u00e9vis\u00e9es de renom.<\/p>\n<p>Cette c\u00e9l\u00e9bration de la magie moderne vise \u00e0 toucher un public large et diversifi\u00e9. Les organisateurs ont con\u00e7u une programmation vari\u00e9e, permettant aux familles de partager ensemble deux heures de pure \u00e9merveillement. L\u2019objectif est de m\u00e9tamorphoser une soir\u00e9e classique en un moment v\u00e9ritablement extraordinaire.<\/p>\n<p>Une soir\u00e9e orchestr\u00e9e par des ma\u00eetres de l\u2019art<\/p>\n<p>Tom Wouda assurera la pr\u00e9sentation officielle de cette soir\u00e9e d\u2019exception, guidant le public \u00e0 travers les diff\u00e9rents univers magiques propos\u00e9s.<\/p>\n<p>Les artistes \u00e0 l\u2019affiche<\/p>\n<ul class=\"wp-block-list\">\n<li><strong>Alberto Giorgi<\/strong>\u00a0d\u00e9voilera une cr\u00e9ation illusionniste grandiose, une premi\u00e8re mondiale qui promet de marquer les esprits<\/li>\n<li><strong>Arno Doble<\/strong>\u00a0pr\u00e9sentera ses talents de manipulateur<\/li>\n<li><strong>Mandoble Diego et Elena<\/strong>\u00a0offriront leur spectacle en duo<\/li>\n<li><strong>Nestor Hato<\/strong>\u00a0et\u00a0<strong>Les Chapeaux Blancs<\/strong>\u00a0apporteront leur touche artistique unique<\/li>\n<li><strong>Mag Marin Show<\/strong>\u00a0proposera un nouveau programme ax\u00e9 sur les grandes illusions<\/li>\n<\/ul>\n<p>Cette soir\u00e9e s\u2019annonce comme un rendez-vous incontournable pour tous ceux qui souhaitent d\u00e9couvrir ou red\u00e9couvrir la magie sous toutes ses formes, dans un cadre exceptionnel au c\u0153ur de Saint-\u00c9tienne. R\u00e9servation <a href=\"https:\/\/www.zenith-saint-etienne.fr\/evenement\/festival-mondial-de-la-magie\/\" target=\"_blank\" rel=\"noreferrer noopener nofollow\">ICI<\/a>.<\/p>\n","protected":false},"excerpt":{"rendered":"Cet \u00e9v\u00e9nement rassemblera les talents les plus remarquables de l\u2019art illusionniste international, promettant une exp\u00e9rience inoubliable aux spectateurs&hellip;\n","protected":false},"author":2,"featured_media":207413,"comment_status":"","ping_status":"","sticky":false,"template":"","format":"standard","meta":{"footnotes":""},"categories":[9653],"tags":[1111,11,2430,1777,674,1011,27,3367,29658,12,25,4001,3140,12177],"class_list":{"0":"post-207412","1":"post","2":"type-post","3":"status-publish","4":"format-standard","5":"has-post-thumbnail","7":"category-saint-etienne","8":"tag-actu","9":"tag-actualites","10":"tag-auvergne-rhone-alpes","11":"tag-eu","12":"tag-europe","13":"tag-fr","14":"tag-france","15":"tag-loire","16":"tag-magie","17":"tag-news","18":"tag-republique-francaise","19":"tag-saint-etienne","20":"tag-spectacle","21":"tag-zenith"},"share_on_mastodon":{"url":"https:\/\/pubeurope.com\/@fr\/114753298947127192","error":""},"_links":{"self":[{"href":"https:\/\/www.europesays.com\/fr\/wp-json\/wp\/v2\/posts\/207412","targetHints":{"allow":["GET"]}}],"collection":[{"href":"https:\/\/www.europesays.com\/fr\/wp-json\/wp\/v2\/posts"}],"about":[{"href":"https:\/\/www.europesays.com\/fr\/wp-json\/wp\/v2\/types\/post"}],"author":[{"embeddable":true,"href":"https:\/\/www.europesays.com\/fr\/wp-json\/wp\/v2\/users\/2"}],"replies":[{"embeddable":true,"href":"https:\/\/www.europesays.com\/fr\/wp-json\/wp\/v2\/comments?post=207412"}],"version-history":[{"count":0,"href":"https:\/\/www.europesays.com\/fr\/wp-json\/wp\/v2\/posts\/207412\/revisions"}],"wp:featuredmedia":[{"embeddable":true,"href":"https:\/\/www.europesays.com\/fr\/wp-json\/wp\/v2\/media\/207413"}],"wp:attachment":[{"href":"https:\/\/www.europesays.com\/fr\/wp-json\/wp\/v2\/media?parent=207412"}],"wp:term":[{"taxonomy":"category","embeddable":true,"href":"https:\/\/www.europesays.com\/fr\/wp-json\/wp\/v2\/categories?post=207412"},{"taxonomy":"post_tag","embeddable":true,"href":"https:\/\/www.europesays.com\/fr\/wp-json\/wp\/v2\/tags?post=207412"}],"curies":[{"name":"wp","href":"https:\/\/api.w.org\/{rel}","templated":true}]}}