{"id":207414,"date":"2025-06-27T03:52:12","date_gmt":"2025-06-27T03:52:12","guid":{"rendered":"https:\/\/www.europesays.com\/fr\/207414\/"},"modified":"2025-06-27T03:52:12","modified_gmt":"2025-06-27T03:52:12","slug":"municipales-saint-etienne-maurice-vincent-refuse-lalliance-avec-dino-cinieri","status":"publish","type":"post","link":"https:\/\/www.europesays.com\/fr\/207414\/","title":{"rendered":"MUNICIPALES SAINT-\u00c9TIENNE : MAURICE VINCENT REFUSE L&rsquo;ALLIANCE AVEC DINO CINIERI"},"content":{"rendered":"<p>Cette d\u00e9cision marque un tournant dans la strat\u00e9gie de rassemblement initi\u00e9e par le candidat r\u00e9publicain. Maurice Vincent, qui avait dirig\u00e9 la ville avant Ga\u00ebl Perdriau, \u00e9tait courtis\u00e9 par Dino Cinieri dans le cadre de sa d\u00e9marche de large coalition. L\u2019objectif \u00e9tait de cr\u00e9er une alliance transpartisane capable de s\u00e9duire un \u00e9lectorat \u00e9largi pour les prochaines \u00e9ch\u00e9ances \u00e9lectorales.<\/p>\n<p>La r\u00e9action mesur\u00e9e de Dino Cinieri<\/p>\n<p>Face \u00e0 ce refus, le leader de \u00ab\u00a0Saint-\u00c9tienne Ensemble 2026\u00a0\u00bb a adopt\u00e9 une posture diplomatique. Il a exprim\u00e9 sa reconnaissance pour la qualit\u00e9 des \u00e9changes men\u00e9s avec l\u2019ancien \u00e9dile, soulignant le caract\u00e8re respectueux et constructif de leurs discussions malgr\u00e9 l\u2019issue n\u00e9gative.<\/p>\n<p><img loading=\"lazy\" decoding=\"async\" width=\"1024\" height=\"540\" src=\"https:\/\/www.europesays.com\/fr\/wp-content\/uploads\/2025\/06\/510418051_122113060640893415_5419740995762625957_n-1024x540.jpg\" alt=\"\" class=\"wp-image-56196\"  \/>Le groupe Saint-\u00c9tienne Ensemble.<\/p>\n<p>Des tensions avec Ga\u00ebl Perdriau en toile de fond<\/p>\n<p>Cette tentative d\u2019alliance intervient dans un contexte tendu avec l\u2019actuel maire, Ga\u00ebl Perdriau, qui avait r\u00e9cemment critiqu\u00e9 cette approche de rassemblement. Ces attaques n\u2019ont manifestement pas d\u00e9courag\u00e9 Dino Cinieri dans sa d\u00e9marche.<\/p>\n<p>Pour justifier sa strat\u00e9gie, Dino Cinieri a r\u00e9affirm\u00e9 sa philosophie politique, insistant sur le caract\u00e8re non-partisan de son projet. Il pr\u00e9sente son mouvement comme une union de comp\u00e9tences au service exclusif des habitants de Saint-\u00c9tienne, se d\u00e9marquant ainsi des logiques partisanes traditionnelles et des querelles personnelles.<\/p>\n<p>Cette d\u00e9cision de Maurice Vincent redessine partiellement le paysage politique st\u00e9phanois \u00e0 l\u2019approche des municipales, obligeant Dino Cinieri \u00e0 revoir sa strat\u00e9gie d\u2019alliance tout en maintenant son cap vers un changement qu\u2019il veut \u00ab\u00a0solide et responsable\u00a0\u00bb.<\/p>\n","protected":false},"excerpt":{"rendered":"Cette d\u00e9cision marque un tournant dans la strat\u00e9gie de rassemblement initi\u00e9e par le candidat r\u00e9publicain. Maurice Vincent, qui&hellip;\n","protected":false},"author":2,"featured_media":207415,"comment_status":"","ping_status":"","sticky":false,"template":"","format":"standard","meta":{"footnotes":""},"categories":[9653],"tags":[1111,11,2430,1777,674,1011,27,3367,12,316,25,4001],"class_list":{"0":"post-207414","1":"post","2":"type-post","3":"status-publish","4":"format-standard","5":"has-post-thumbnail","7":"category-saint-etienne","8":"tag-actu","9":"tag-actualites","10":"tag-auvergne-rhone-alpes","11":"tag-eu","12":"tag-europe","13":"tag-fr","14":"tag-france","15":"tag-loire","16":"tag-news","17":"tag-politique","18":"tag-republique-francaise","19":"tag-saint-etienne"},"share_on_mastodon":{"url":"https:\/\/pubeurope.com\/@fr\/114753302910432314","error":""},"_links":{"self":[{"href":"https:\/\/www.europesays.com\/fr\/wp-json\/wp\/v2\/posts\/207414","targetHints":{"allow":["GET"]}}],"collection":[{"href":"https:\/\/www.europesays.com\/fr\/wp-json\/wp\/v2\/posts"}],"about":[{"href":"https:\/\/www.europesays.com\/fr\/wp-json\/wp\/v2\/types\/post"}],"author":[{"embeddable":true,"href":"https:\/\/www.europesays.com\/fr\/wp-json\/wp\/v2\/users\/2"}],"replies":[{"embeddable":true,"href":"https:\/\/www.europesays.com\/fr\/wp-json\/wp\/v2\/comments?post=207414"}],"version-history":[{"count":0,"href":"https:\/\/www.europesays.com\/fr\/wp-json\/wp\/v2\/posts\/207414\/revisions"}],"wp:featuredmedia":[{"embeddable":true,"href":"https:\/\/www.europesays.com\/fr\/wp-json\/wp\/v2\/media\/207415"}],"wp:attachment":[{"href":"https:\/\/www.europesays.com\/fr\/wp-json\/wp\/v2\/media?parent=207414"}],"wp:term":[{"taxonomy":"category","embeddable":true,"href":"https:\/\/www.europesays.com\/fr\/wp-json\/wp\/v2\/categories?post=207414"},{"taxonomy":"post_tag","embeddable":true,"href":"https:\/\/www.europesays.com\/fr\/wp-json\/wp\/v2\/tags?post=207414"}],"curies":[{"name":"wp","href":"https:\/\/api.w.org\/{rel}","templated":true}]}}