{"id":207426,"date":"2025-06-27T04:05:14","date_gmt":"2025-06-27T04:05:14","guid":{"rendered":"https:\/\/www.europesays.com\/fr\/207426\/"},"modified":"2025-06-27T04:05:14","modified_gmt":"2025-06-27T04:05:14","slug":"waga-energy-12-million-deuros-investis-dans-un-nouvel-atelier-industriel","status":"publish","type":"post","link":"https:\/\/www.europesays.com\/fr\/207426\/","title":{"rendered":"Waga Energy: 1,2 million d&rsquo;euros investis dans un nouvel atelier industriel"},"content":{"rendered":"<p>L&rsquo;inauguration du <strong>nouveau b\u00e2timent industriel <\/strong>de <strong>Waga Energy<\/strong> \u00e0 <strong>Eybens<\/strong>, s&rsquo;est d\u00e9roul\u00e9e ce jeudi 26 juin 2025. Cr\u00e9\u00e9e en 2015, l&rsquo;entreprise is\u00e9roise (300 collaborateurs, 55,7 millions d&rsquo;euros de chiffre d&rsquo;affaires 2024 en <a href=\"https:\/\/mesinfos.fr\/38320-eybens\/waga-energy-un-chiffre-d-affaires-2024-en-hausse-de-67-percent-220822.html\" rel=\"noopener\" target=\"_blank\">croissance de 67 % <\/a>par rapport \u00e0 2023) est sp\u00e9cialis\u00e9e dans la conception de Wagabox, des unit\u00e9s de <strong>production de biom\u00e9thane <\/strong>\u00e0 partir des biogaz issus des sites de <strong>stockage de d\u00e9chets enfouis. Fabless<\/strong>, elle fait appel \u00e0 des sous-traitants partout dans le monde pour produire ses usines. <\/p>\n<p>Le nouvel atelier industriel construit par Waga Energy sera exploit\u00e9 par un sous-traitant chaudronnier <img decoding=\"async\" alt=\"\" class=\"img-align-center img-size-limited\" data-zoomable=\"\" height=\"1333\" loading=\"lazy\" src=\"https:\/\/www.europesays.com\/fr\/wp-content\/uploads\/2025\/06\/img-0459.JPG\" title=\"\u00a9Thomas Richardson - Le nouveau b\u00e2timent industriel de Waga Energy \u00e0 Eybens a \u00e9t\u00e9 construit entre septembre 2024 et juin 2025.\" width=\"2000\"\/> \u00a9Thomas Richardson &#8211; Le nouveau b\u00e2timent industriel de Waga Energy \u00e0 Eybens a \u00e9t\u00e9 construit entre septembre 2024 et juin 2025. <\/p>\n<p>La construction d&rsquo;un atelier industriel sur le site de son si\u00e8ge ne change pas la donne puisqu&rsquo;il sera exploit\u00e9 par l&rsquo;entreprise <strong>Ravanat Chaudronnerie,<\/strong> bas\u00e9e \u00e0 Saint-Jean-de-Moirans. Cette derni\u00e8re est partenaire de Waga Energy depuis 2016 assurant la production de la partie <strong>distillation cryog\u00e9nique <\/strong>des Wagabox. <\/p>\n<p>\u00ab\u00a0Il y a un enjeu de propri\u00e9t\u00e9 industrielle, on a voulu garder la partie distillation cryog\u00e9nique qui est l&rsquo;un des deux \u00e9l\u00e9ments brevet\u00e9s avec la filtration membranaire, proche de nous, explique <a href=\"https:\/\/mesinfos.fr\/auvergne-rhone-alpes\/mathieu-lefebvre-waga-energy-le-biogaz-est-la-meilleure-energie-pour-le-transport-la-chimie-la-chaleur-120249.html\" rel=\"noopener\" target=\"_blank\">Mathieu Lefebvre<\/a>, cofondateur avec Nicolas Paget et Gu\u00e9na\u00ebl Prince. Ravanat Chaudronnerie va installer des \u00e9quipes dans ce nouvel atelier pour \u00e9tendre sa capacit\u00e9 de production.\u00a0\u00bb Ainsi la capacit\u00e9 de production\u00a0de Wagabox pourrait passer de 20 actuellement \u00e0 35 d&rsquo;ici un an. En termes de quantit\u00e9 de biom\u00e9thane produit, Waga Energy cumule \u00e0 ce jour 1,5 TWh et ambitionne d&rsquo;atteindre 4 TWh en 2026.<\/p>\n<p> Waga : un investissement de 1,6 million d&rsquo;euros <\/p>\n<p>Le nouveau b\u00e2timent repr\u00e9sente un <strong>investissement <\/strong>de <strong>1,6 million d&rsquo;euros<\/strong>, avec une subvention de la R\u00e9gion Auvergne-Rh\u00f4ne-Alpes de 98 380 euros. D&rsquo;une surface de<strong> 1 200 m2<\/strong>, il comprend deux ateliers, de 700 m2 et de 342 m2 ainsi que des bureaux. La construction, sous la direction de <strong>SBI<\/strong>, s&rsquo;est d\u00e9roul\u00e9e de septembre 2024 \u00e0 juin 2025. A terme, la toiture sera \u00e9quipe de panneaux photovolta\u00efques. <\/p>\n<p>En parall\u00e8le, un nouveau parking a \u00e9t\u00e9 am\u00e9nag\u00e9, d&rsquo;une capacit\u00e9 de <strong>90 places de stationnement<\/strong> plus 70 emplacements v\u00e9los. Le <strong>parking <\/strong>sera v\u00e9g\u00e9talis\u00e9 \u00e0 l&rsquo;automne 2025. <\/p>\n<p>Concernant le b\u00e2timent principal de Waga Energy, le rez-de-chauss\u00e9e et le premier niveau sont occup\u00e9s. Le second niveau devrait \u00eatre occup\u00e9 au fur et \u00e0 mesure des recrutements m\u00eame si Mathieu Lefebvre \u00e9voque la possibilit\u00e9 de <strong>sous-louer<\/strong> cet \u00e9tage \u00e0 une ou plusieurs <strong>entreprises ext\u00e9rieures<\/strong>.<\/p>\n","protected":false},"excerpt":{"rendered":"L&rsquo;inauguration du nouveau b\u00e2timent industriel de Waga Energy \u00e0 Eybens, s&rsquo;est d\u00e9roul\u00e9e ce jeudi 26 juin 2025. Cr\u00e9\u00e9e&hellip;\n","protected":false},"author":2,"featured_media":207427,"comment_status":"","ping_status":"","sticky":false,"template":"","format":"standard","meta":{"footnotes":""},"categories":[9566],"tags":[1111,11,2430,13492,1777,674,1011,27,2731,24487,12,25,34654],"class_list":{"0":"post-207426","1":"post","2":"type-post","3":"status-publish","4":"format-standard","5":"has-post-thumbnail","7":"category-grenoble","8":"tag-actu","9":"tag-actualites","10":"tag-auvergne-rhone-alpes","11":"tag-biomethane","12":"tag-eu","13":"tag-europe","14":"tag-fr","15":"tag-france","16":"tag-grenoble","17":"tag-inaugurations","18":"tag-news","19":"tag-republique-francaise","20":"tag-waga-energy"},"share_on_mastodon":{"url":"https:\/\/pubeurope.com\/@fr\/114753354061408596","error":""},"_links":{"self":[{"href":"https:\/\/www.europesays.com\/fr\/wp-json\/wp\/v2\/posts\/207426","targetHints":{"allow":["GET"]}}],"collection":[{"href":"https:\/\/www.europesays.com\/fr\/wp-json\/wp\/v2\/posts"}],"about":[{"href":"https:\/\/www.europesays.com\/fr\/wp-json\/wp\/v2\/types\/post"}],"author":[{"embeddable":true,"href":"https:\/\/www.europesays.com\/fr\/wp-json\/wp\/v2\/users\/2"}],"replies":[{"embeddable":true,"href":"https:\/\/www.europesays.com\/fr\/wp-json\/wp\/v2\/comments?post=207426"}],"version-history":[{"count":0,"href":"https:\/\/www.europesays.com\/fr\/wp-json\/wp\/v2\/posts\/207426\/revisions"}],"wp:featuredmedia":[{"embeddable":true,"href":"https:\/\/www.europesays.com\/fr\/wp-json\/wp\/v2\/media\/207427"}],"wp:attachment":[{"href":"https:\/\/www.europesays.com\/fr\/wp-json\/wp\/v2\/media?parent=207426"}],"wp:term":[{"taxonomy":"category","embeddable":true,"href":"https:\/\/www.europesays.com\/fr\/wp-json\/wp\/v2\/categories?post=207426"},{"taxonomy":"post_tag","embeddable":true,"href":"https:\/\/www.europesays.com\/fr\/wp-json\/wp\/v2\/tags?post=207426"}],"curies":[{"name":"wp","href":"https:\/\/api.w.org\/{rel}","templated":true}]}}