{"id":207428,"date":"2025-06-27T04:07:11","date_gmt":"2025-06-27T04:07:11","guid":{"rendered":"https:\/\/www.europesays.com\/fr\/207428\/"},"modified":"2025-06-27T04:07:11","modified_gmt":"2025-06-27T04:07:11","slug":"que-faire-a-rennes-ce-week-end-du-28-juin-au-29-juin-2025","status":"publish","type":"post","link":"https:\/\/www.europesays.com\/fr\/207428\/","title":{"rendered":"Que faire \u00e0 Rennes ce week-end du 28 juin au 29 juin 2025 ?"},"content":{"rendered":"<p>\n        L\u2019exposition d\u00e9voile une douzaine d\u2019ann\u00e9es de cr\u00e9ation, abordant des th\u00e9matiques li\u00e9es \u00e0 la m\u00e9moire, l\u2019identit\u00e9 et l\u2019oubli. Tabouret, connue pour son approche subtile et po\u00e9tique des visages, exprime \u00e0 travers ses portraits des \u00e2mes fragiles, des corps \u00e9nigmatiques, et une sensualit\u00e9 palpable. L\u2019exposition \u00ab Les yeux dans les yeux. Portraits de la Collection Pinault \u00bb est \u00e0 d\u00e9couvrir au Couvent des Jacobins\n        <\/p>\n<p><a href=\"https:\/\/www.letelegramme.fr\/api\/gotourl\/bevt\/2720235\/\" target=\"_blank\" rel=\"noopener\"><br \/>\n        Exporama\u00a0: \u00ab\u00a0Les yeux dans les yeux\u00a0\u00bb<br \/>\n        <\/a><\/p>\n<p>\n        \u200bCette exposition met en lumi\u00e8re pr\u00e8s de 90 \u0153uvres issues de la prestigieuse Collection Pinault. S\u2019\u00e9tendant sur six volets, elle explore les diff\u00e9rentes facettes du portrait, des visages iconiques aux inconnus, en passant par des repr\u00e9sentations saisissantes de l\u2019humanit\u00e9. Parmi les artistes pr\u00e9sent\u00e9s : Jean-Michel Basquiat, Nan Goldin, Damien Hirst, Cindy Sherman, Andy Warhol et Claire Tabouret. Autre exposition \u00e0 d\u00e9couvrir : \u00ab Claire Tabouret. Entre la m\u00e9moire et l\u2019oubli \u00bb au Mus\u00e9e des Beaux-Arts.\n        <\/p>\n<p><a href=\"https:\/\/www.letelegramme.fr\/api\/gotourl\/bevt\/2814634\/\" target=\"_blank\" rel=\"noopener\"><br \/>\n        La TIR festival 2025<br \/>\n        <\/a><\/p>\n<p>\n        Mardi 24, \u00ab Bis Repetita Placent \u00bb, par la TIR ; cr\u00e9ation originale de Julie Michel. Mercredi 25, \u00ab Le tr\u00f4ne de Faltazi \u00bb, par la Faltazi (Nantes). Jeudi 26, \u00ab Riri, Fifi et Sylvain \u00bb, par la Fabrique \u00e0 Impro (Nantes). Vendredi 27, \u00ab Le spectacle surprise ! \u00bb, avec la TIR, la Slap (Rennes), Les Valkyries (Goven) et la Tique (Chartres-de-Bretagne). Samedi 28, \u00ab Amours \u00bb, par la TIR ; cr\u00e9ation originale de C.Baheu.\n        <\/p>\n<p><a href=\"https:\/\/www.letelegramme.fr\/api\/gotourl\/bevt\/2814637\/\" target=\"_blank\" rel=\"noopener\"><br \/>\n        Spectacle \u00ab\u00a0Ch\u00e9rub&rsquo;\u00a0\u00bb<br \/>\n        <\/a><\/p>\n<p>\n        Par la compagnie Les Bottes Rouges, un spectacle de th\u00e9\u00e2tre et musique improvis\u00e9s o\u00f9 l\u2019imaginaire des enfants du public est \u00e0 l\u2019origine de l\u2019intrigue. \u00ab Nos trois Ch\u00e9rub\u2019 vivront une aventure plac\u00e9e dans la cin\u00e9math\u00e8que entre E.T., Les Goonies ou encore Jumanji. Comment nos aventuriers, bien plus bal\u00e8zes que les Pyjamasques, Fant\u00f4mette et tous les personnages de super-h\u00e9ros, vont r\u00e9ussir \u00e0 d\u00e9jouer les p\u00e9rip\u00e9ties d\u00e9cid\u00e9es par le public en culottes courtes ? \u00bb\n        <\/p>\n<p>L&rsquo;agenda des loisirs<\/p>\n<p class=\"moveInBrittany__text\" style=\"color:#fff\">\n            Festivals, expositions, visites, conf\u00e9rences, &#8230;\n          <\/p>\n<p>Sortir \u00e0 Rennes le dimanche 29 juin<a href=\"https:\/\/www.letelegramme.fr\/api\/gotourl\/bevt\/2824480\/\" target=\"_blank\" rel=\"noopener\"><br \/>\n        Exposition\u00a0: \u00ab\u00a0Portraits\u00a0\u00bb de Philippe Cogn\u00e9e<br \/>\n        <\/a><\/p>\n<p>\n        \u00c0 l\u2019occasion d\u2019Exporama 2025, la galerie Oniris pr\u00e9sente une exposition consacr\u00e9e \u00e0 Philippe Cogn\u00e9e : Portraits. \u00c0 travers une technique singuli\u00e8re d\u2019encaustique fondue, l\u2019artiste explore la disparition de l\u2019image, entre figuration et abstraction, m\u00e9moire et effacement. Une peinture intense, sensible, charnelle et troublante.\n        <\/p>\n<p><a href=\"https:\/\/www.letelegramme.fr\/api\/gotourl\/bevt\/2831349\/\" target=\"_blank\" rel=\"noopener\"><br \/>\n        Thabor en sc\u00e8ne<br \/>\n        <\/a><\/p>\n<p>\n        Un temps de rencontre, familial et convivial o\u00f9 les adh\u00e9rents et adh\u00e9rentes se mettent en sc\u00e8ne. Au programme : danse, th\u00e9\u00e2tre, chant, arts plastiques, musique et magie dans les all\u00e9es du parc, au Kiosque et au Th\u00e9\u00e2tre de Verdure avec une th\u00e9matique : la parole est aux jeunes.\n        <\/p>\n<p><a href=\"https:\/\/www.letelegramme.fr\/api\/gotourl\/bevt\/2831351\/\" target=\"_blank\" rel=\"noopener\"><br \/>\n        Fleurs d\u2019\u00e9t\u00e9<br \/>\n        <\/a><\/p>\n<p>\n        Autour du bapt\u00eame de la Rose de la Bintinais, un march\u00e9 de floriculteurs locaux pour d\u00e9couvrir aussi les fleurs comestibles, s\u2019initier \u00e0 l\u2019art de la composition florale et r\u00e9aliser des couronnes de fleurs. L\u2019entr\u00e9e de l\u2019exposition \u00ab Fleurs, Au-del\u00e0 des apparences \u00bb sera exceptionnellement gratuite.\n        <\/p>\n<p><a href=\"https:\/\/www.letelegramme.fr\/api\/gotourl\/bevt\/2836985\/\" target=\"_blank\" rel=\"noopener\"><br \/>\n        Braderie de Villejean\u00a0: inscription des exposants<br \/>\n        <\/a><\/p>\n<p>\n        La braderie aura lieu le dimanche 7 septembre. inscriptions uniquement \u00e0 la maison de quartier. Aucune r\u00e9servation sans inscription et r\u00e8glement correspondant.&#13;<\/p>\n<p><a href=\"https:\/\/www.letelegramme.fr\/api\/gotourl\/bevt\/2854623\/\" target=\"_blank\" rel=\"noopener\"><br \/>\n        Apr\u00e8s-midi swing gourmand<br \/>\n        <\/a><\/p>\n<p>\n        Avec l\u2019association Swingin\u2019in The Rennes. Au programme : initiation au swing, danse libre sur des sons vintage et cr\u00eapes maison. Ouvert \u00e0 tous dans la limite des places disponibles.\n        <\/p>\n<p><\/p>\n","protected":false},"excerpt":{"rendered":"L\u2019exposition d\u00e9voile une douzaine d\u2019ann\u00e9es de cr\u00e9ation, abordant des th\u00e9matiques li\u00e9es \u00e0 la m\u00e9moire, l\u2019identit\u00e9 et l\u2019oubli. Tabouret,&hellip;\n","protected":false},"author":2,"featured_media":6963,"comment_status":"","ping_status":"","sticky":false,"template":"","format":"standard","meta":{"footnotes":""},"categories":[2821],"tags":[1111,11,829,1777,674,1011,27,12,3907,584,25],"class_list":{"0":"post-207428","1":"post","2":"type-post","3":"status-publish","4":"format-standard","5":"has-post-thumbnail","7":"category-rennes","8":"tag-actu","9":"tag-actualites","10":"tag-bretagne","11":"tag-eu","12":"tag-europe","13":"tag-fr","14":"tag-france","15":"tag-news","16":"tag-que-faire","17":"tag-rennes","18":"tag-republique-francaise"},"share_on_mastodon":{"url":"https:\/\/pubeurope.com\/@fr\/114753361894664656","error":""},"_links":{"self":[{"href":"https:\/\/www.europesays.com\/fr\/wp-json\/wp\/v2\/posts\/207428","targetHints":{"allow":["GET"]}}],"collection":[{"href":"https:\/\/www.europesays.com\/fr\/wp-json\/wp\/v2\/posts"}],"about":[{"href":"https:\/\/www.europesays.com\/fr\/wp-json\/wp\/v2\/types\/post"}],"author":[{"embeddable":true,"href":"https:\/\/www.europesays.com\/fr\/wp-json\/wp\/v2\/users\/2"}],"replies":[{"embeddable":true,"href":"https:\/\/www.europesays.com\/fr\/wp-json\/wp\/v2\/comments?post=207428"}],"version-history":[{"count":0,"href":"https:\/\/www.europesays.com\/fr\/wp-json\/wp\/v2\/posts\/207428\/revisions"}],"wp:featuredmedia":[{"embeddable":true,"href":"https:\/\/www.europesays.com\/fr\/wp-json\/wp\/v2\/media\/6963"}],"wp:attachment":[{"href":"https:\/\/www.europesays.com\/fr\/wp-json\/wp\/v2\/media?parent=207428"}],"wp:term":[{"taxonomy":"category","embeddable":true,"href":"https:\/\/www.europesays.com\/fr\/wp-json\/wp\/v2\/categories?post=207428"},{"taxonomy":"post_tag","embeddable":true,"href":"https:\/\/www.europesays.com\/fr\/wp-json\/wp\/v2\/tags?post=207428"}],"curies":[{"name":"wp","href":"https:\/\/api.w.org\/{rel}","templated":true}]}}