{"id":207431,"date":"2025-06-27T04:09:40","date_gmt":"2025-06-27T04:09:40","guid":{"rendered":"https:\/\/www.europesays.com\/fr\/207431\/"},"modified":"2025-06-27T04:09:40","modified_gmt":"2025-06-27T04:09:40","slug":"la-ville-reprend-la-main","status":"publish","type":"post","link":"https:\/\/www.europesays.com\/fr\/207431\/","title":{"rendered":"la Ville reprend la main"},"content":{"rendered":"<p>Cette \u00ab\u00a0Soci\u00e9t\u00e9 publique locale (SPL*) Stationnement sur voirie\u00a0\u00bb va permettre de continuer \u00e0 \u00ab\u00a0d\u00e9ployer le stationnement utile\u00a0\u00bb, a soulign\u00e9 l\u2019adjoint en charge de la voirie Pierre Ozenne. \u00ab\u00a0Celui o\u00f9 chacun a sa juste place\u00a0\u00bb, entend-il\u00a0; au contraire d\u2019\u00ab\u00a0Anne-Pernelle Richardot qui pr\u00e9f\u00e9rerait avoir des voitures sur les trottoirs, du stationnement de longue dur\u00e9e et des artisans qui se garent mal\u00a0\u00bb, ironise-t-il.<\/p>\n<p>\u00ab\u00a0Vous ne tenez pas compte de la r\u00e9alit\u00e9 des Strasbourgeois\u00a0\u00bb<\/p>\n<p>La conseill\u00e8re d\u2019opposition (PS) avait rappel\u00e9 combien, \u00e0 ses yeux, la politique du stationnement de la majorit\u00e9 \u00e9cologiste cause des \u00ab\u00a0fractures\u00a0\u00bb sociales. \u00ab\u00a0Les m\u00e9nages les plus modestes et les familles sont exclus du centre-ville, voire de Neudorf, o\u00f9 &#8211; respectivement &#8211; <a href=\"https:\/\/www.dna.fr\/politique\/2021\/09\/20\/reforme-du-stationnement-majorite-et-opposition-dos-a-dos\" target=\"_blank\" rel=\"noopener\">les places ont \u00e9t\u00e9 massivement supprim\u00e9es<\/a> et <a href=\"https:\/\/www.dna.fr\/politique\/2024\/06\/01\/entree-en-vigueur-du-stationnement-payant-au-neudorf-le-quartier-sur-le-qui-vive\" target=\"_blank\" rel=\"noopener\">le stationnement payant \u00e9tendu<\/a>. M\u00eame les cabinets de sant\u00e9 quittent l\u2019hypercentre\u00a0\u00bb, dit-elle en substance.<\/p>\n<p><a href=\"https:\/\/www.dna.fr\/transport\/2024\/05\/01\/stationnement-payant-les-voitures-radars-sillonnent-les-rues-en-toute-discretion\" target=\"_blank\" rel=\"noopener\">\u00ab\u00a0En g\u00e9n\u00e9ralisant les voitures-radars<\/a> , <a href=\"https:\/\/www.dna.fr\/transport\/2024\/08\/27\/ces-horodateurs-qui-disparaissent-dans-la-ville\" target=\"_blank\" rel=\"noopener\">en&#8230;<\/a><\/p>\n","protected":false},"excerpt":{"rendered":"Cette \u00ab\u00a0Soci\u00e9t\u00e9 publique locale (SPL*) Stationnement sur voirie\u00a0\u00bb va permettre de continuer \u00e0 \u00ab\u00a0d\u00e9ployer le stationnement utile\u00a0\u00bb, a&hellip;\n","protected":false},"author":2,"featured_media":207432,"comment_status":"","ping_status":"","sticky":false,"template":"","format":"standard","meta":{"footnotes":""},"categories":[2820],"tags":[1111,11,1984,4523,2880,1777,674,107,1011,27,775,3540,3539,6319,12,8387,3541,316,25,801,104,640,2879,2803],"class_list":{"0":"post-207431","1":"post","2":"type-post","3":"status-publish","4":"format-standard","5":"has-post-thumbnail","7":"category-strasbourg","8":"tag-actu","9":"tag-actualites","10":"tag-conseil-municipal","11":"tag-conseils-pratiques","12":"tag-edition-strasbourg","13":"tag-eu","14":"tag-europe","15":"tag-fil-info","16":"tag-fr","17":"tag-france","18":"tag-grand-est","19":"tag-horizons","20":"tag-les-ecologistes","21":"tag-les-republicains","22":"tag-news","23":"tag-parti-communiste","24":"tag-parti-socialiste","25":"tag-politique","26":"tag-republique-francaise","27":"tag-social","28":"tag-societe","29":"tag-strasbourg","30":"tag-strasbourg-ville","31":"tag-transport"},"share_on_mastodon":{"url":"https:\/\/pubeurope.com\/@fr\/114753369763933787","error":""},"_links":{"self":[{"href":"https:\/\/www.europesays.com\/fr\/wp-json\/wp\/v2\/posts\/207431","targetHints":{"allow":["GET"]}}],"collection":[{"href":"https:\/\/www.europesays.com\/fr\/wp-json\/wp\/v2\/posts"}],"about":[{"href":"https:\/\/www.europesays.com\/fr\/wp-json\/wp\/v2\/types\/post"}],"author":[{"embeddable":true,"href":"https:\/\/www.europesays.com\/fr\/wp-json\/wp\/v2\/users\/2"}],"replies":[{"embeddable":true,"href":"https:\/\/www.europesays.com\/fr\/wp-json\/wp\/v2\/comments?post=207431"}],"version-history":[{"count":0,"href":"https:\/\/www.europesays.com\/fr\/wp-json\/wp\/v2\/posts\/207431\/revisions"}],"wp:featuredmedia":[{"embeddable":true,"href":"https:\/\/www.europesays.com\/fr\/wp-json\/wp\/v2\/media\/207432"}],"wp:attachment":[{"href":"https:\/\/www.europesays.com\/fr\/wp-json\/wp\/v2\/media?parent=207431"}],"wp:term":[{"taxonomy":"category","embeddable":true,"href":"https:\/\/www.europesays.com\/fr\/wp-json\/wp\/v2\/categories?post=207431"},{"taxonomy":"post_tag","embeddable":true,"href":"https:\/\/www.europesays.com\/fr\/wp-json\/wp\/v2\/tags?post=207431"}],"curies":[{"name":"wp","href":"https:\/\/api.w.org\/{rel}","templated":true}]}}