{"id":207454,"date":"2025-06-27T04:23:09","date_gmt":"2025-06-27T04:23:09","guid":{"rendered":"https:\/\/www.europesays.com\/fr\/207454\/"},"modified":"2025-06-27T04:23:09","modified_gmt":"2025-06-27T04:23:09","slug":"lyon-en-plein-soleil-cette-cour-decole-sur-le-toit-provoque-linquietude-des-parents","status":"publish","type":"post","link":"https:\/\/www.europesays.com\/fr\/207454\/","title":{"rendered":"Lyon : en plein soleil, cette cour d&rsquo;\u00e9cole sur le toit provoque l&rsquo;inqui\u00e9tude des parents"},"content":{"rendered":"<p>En ces p\u00e9riodes de fortes chaleurs estivales \u00e0 Lyon, la temp\u00e9rature grimpe vite dans les cours d&rsquo;\u00e9cole. Surtout quand l&rsquo;ombre vient \u00e0 manquer, comme dans ce groupe scolaire du 5e arrondissement.<\/p>\n<p>Ce vendredi 27 juin, la barre des 30 degr\u00e9s sera encore franchie \u00e0 Lyon. <\/p>\n<p>\u00c0 <b>l&rsquo;\u00e9cole Gerson (Lyon 5e)<\/b>, les parents d&rsquo;\u00e9l\u00e8ves s&rsquo;inqui\u00e8tent. <\/p>\n<p>\u00ab\u00a0La cour de r\u00e9cr\u00e9ation des \u00e9l\u00e9mentaires est situ\u00e9e sur le toit, il n&rsquo;y rien pour faire de l&rsquo;ombre, regrette H\u00e9lo\u00efse, maman de deux gar\u00e7ons scolaris\u00e9s dans l&rsquo;\u00e9tablissement. Nous sommes conscients de ce que fait la mairie pour les \u00e9coles de Lyon, mais nous posons tout de m\u00eame la question des priorit\u00e9s. Il y a urgence, car il en va de la sant\u00e9 de nos enfants !\u00a0\u00bb<\/p>\n<p>Des \u00e9changes ont eu lieu entre les parents et la mairie, mais les annonces r\u00e9centes ne donnent pas satisfaction. <\/p>\n<p>Un chantier sera programm\u00e9 pour 2027<\/p>\n<p>Parmi les derniers am\u00e9nagements en date, le nouveau rev\u00eatement du sol. La teinte claire jug\u00e9e trop r\u00e9fl\u00e9chissante a \u00e9t\u00e9 chang\u00e9e pour une couleur plus fonc\u00e9e&#8230; qui apporte finalement plus de chaleur. <\/p>\n<p>\u00ab\u00a0Nous sommes \u00e9videmment conscients des difficult\u00e9s et nous envisageons de mener des travaux pour apporter des dispositifs d&rsquo;ombrages, assure St\u00e9phanie L\u00e9ger, adjointe \u00e0 l&rsquo;\u00c9ducation. Un chantier estim\u00e9 \u00e0 <b>250.000 euros<\/b>, qui pourrait d\u00e9marrer en 2027. <\/p>\n<p>\u00ab\u00a0Il va falloir consolider la cour de fa\u00e7on \u00e0 ce qu&rsquo;elle supporte ces am\u00e9nagements\u00a0\u00bb, rappelle l&rsquo;\u00e9lue. En l&rsquo;\u00e9tat, la dalle est trop fragile. D&rsquo;o\u00f9 le budget important, et les d\u00e9lais n\u00e9cessaires \u00e0 la r\u00e9alisation d&rsquo;\u00e9tudes pr\u00e9alables aux travaux. <\/p>\n<p><img loading=\"lazy\" decoding=\"async\" src=\"https:\/\/www.europesays.com\/fr\/wp-content\/uploads\/2025\/06\/1750998189_903_img\" width=\"350\" height=\"200\" border=\"0\" title=\"Salle de classe vide en temps de canicule\"\/><\/p>\n<p>\u25baSoci\u00e9t\u00e9<\/p>\n<p style=\"font-size: 22px;\"><b>Chaleur \u00e0 Lyon : un coll\u00e8ge-lyc\u00e9e ferm\u00e9 pour prot\u00e9ger les \u00e9l\u00e8ves<\/b><\/p>\n<p>Le groupe scolaire Pierre Termier dans le 8e arrondissement&#8230;<\/p>\n<p><\/p>\n","protected":false},"excerpt":{"rendered":"En ces p\u00e9riodes de fortes chaleurs estivales \u00e0 Lyon, la temp\u00e9rature grimpe vite dans les cours d&rsquo;\u00e9cole. Surtout&hellip;\n","protected":false},"author":2,"featured_media":207455,"comment_status":"","ping_status":"","sticky":false,"template":"","format":"standard","meta":{"footnotes":""},"categories":[1889],"tags":[1111,11,2430,6698,13208,8663,1122,1777,674,1011,27,2428,12,34656,25,2086],"class_list":{"0":"post-207454","1":"post","2":"type-post","3":"status-publish","4":"format-standard","5":"has-post-thumbnail","7":"category-lyon","8":"tag-actu","9":"tag-actualites","10":"tag-auvergne-rhone-alpes","11":"tag-canicule","12":"tag-chaleur","13":"tag-cour","14":"tag-ecole","15":"tag-eu","16":"tag-europe","17":"tag-fr","18":"tag-france","19":"tag-lyon","20":"tag-news","21":"tag-ombre","22":"tag-republique-francaise","23":"tag-travaux"},"share_on_mastodon":{"url":"https:\/\/pubeurope.com\/@fr\/114753425039578450","error":""},"_links":{"self":[{"href":"https:\/\/www.europesays.com\/fr\/wp-json\/wp\/v2\/posts\/207454","targetHints":{"allow":["GET"]}}],"collection":[{"href":"https:\/\/www.europesays.com\/fr\/wp-json\/wp\/v2\/posts"}],"about":[{"href":"https:\/\/www.europesays.com\/fr\/wp-json\/wp\/v2\/types\/post"}],"author":[{"embeddable":true,"href":"https:\/\/www.europesays.com\/fr\/wp-json\/wp\/v2\/users\/2"}],"replies":[{"embeddable":true,"href":"https:\/\/www.europesays.com\/fr\/wp-json\/wp\/v2\/comments?post=207454"}],"version-history":[{"count":0,"href":"https:\/\/www.europesays.com\/fr\/wp-json\/wp\/v2\/posts\/207454\/revisions"}],"wp:featuredmedia":[{"embeddable":true,"href":"https:\/\/www.europesays.com\/fr\/wp-json\/wp\/v2\/media\/207455"}],"wp:attachment":[{"href":"https:\/\/www.europesays.com\/fr\/wp-json\/wp\/v2\/media?parent=207454"}],"wp:term":[{"taxonomy":"category","embeddable":true,"href":"https:\/\/www.europesays.com\/fr\/wp-json\/wp\/v2\/categories?post=207454"},{"taxonomy":"post_tag","embeddable":true,"href":"https:\/\/www.europesays.com\/fr\/wp-json\/wp\/v2\/tags?post=207454"}],"curies":[{"name":"wp","href":"https:\/\/api.w.org\/{rel}","templated":true}]}}