{"id":207464,"date":"2025-06-27T04:28:22","date_gmt":"2025-06-27T04:28:22","guid":{"rendered":"https:\/\/www.europesays.com\/fr\/207464\/"},"modified":"2025-06-27T04:28:22","modified_gmt":"2025-06-27T04:28:22","slug":"les-impressionnantes-images-des-orages-a-paris","status":"publish","type":"post","link":"https:\/\/www.europesays.com\/fr\/207464\/","title":{"rendered":"Les impressionnantes images des orages \u00e0 Paris"},"content":{"rendered":"<p>Un ciel qui s\u2019assombrit, des vents \u00e0 100\u00a0km\/h, le tonnerre qui gronde et des pluies diluviennes\u2026 D\u2019importants orages se sont abattus sur Paris mercredi 25\u00a0juin, provoquant de nombreuses chutes d\u2019arbres et des inondations par endroits. Une temp\u00eate qui a fait <a href=\"https:\/\/www.parismatch.com\/actu\/societe\/deux-morts-dont-un-adolescent-de-12-ans-apres-les-violents-orages-qui-ont-frappe-la-france-253305\" rel=\"nofollow noopener\" target=\"_blank\" data-ylk=\"slk:deux morts dans le reste de la France;elm:context_link;itc:0;sec:content-canvas\" class=\"link \">deux morts dans le reste de la France<\/a>, un adolescent de 12\u00a0ans et un homme de 59\u00a0ans, toutes les deux victimes de chutes d\u2019arbres, et priv\u00e9 11\u00a0000 personnes d\u2019\u00e9lectricit\u00e9 dans le centre de la France.<\/p>\n<p>\u00c0 Paris, les images les plus impressionnantes ont \u00e9t\u00e9 prises dans le XVe arrondissement et plus pr\u00e9cis\u00e9ment dans le quartier de Beaugrenelle, o\u00f9 les terrasses des bars et restaurants ont vol\u00e9. Mais si les pompiers sont intervenus une quarantaine de fois pour d\u00e9gager des arbres ou des branches tomb\u00e9es sur les routes, l\u2019\u00e9pisode n\u2019a fait \u00ab\u00a0ni victimes ni bless\u00e9s pour l\u2019instant\u00a0\u00bb, selon la Brigade des sapeurs-pompiers de Paris (BSPP).<\/p>\n<p><a href=\"https:\/\/www.parismatch.com\/Actu\/Environnement\/les-impressionnantes-images-des-orages-a-paris-253309?at_medium=affiliate&amp;at_campaign=Yahoo\" rel=\"nofollow noopener\" target=\"_blank\" data-ylk=\"slk:Lire la suite sur ParisMatch;elm:context_link;itc:0;sec:content-canvas\" class=\"link \">Lire la suite sur ParisMatch<\/a><\/p>\n","protected":false},"excerpt":{"rendered":"Un ciel qui s\u2019assombrit, des vents \u00e0 100\u00a0km\/h, le tonnerre qui gronde et des pluies diluviennes\u2026 D\u2019importants orages&hellip;\n","protected":false},"author":2,"featured_media":207465,"comment_status":"","ping_status":"","sticky":false,"template":"","format":"standard","meta":{"footnotes":""},"categories":[1888],"tags":[1111,1928,11,1927,19882,32314,1777,674,1011,27,20084,12,1926,4594,626,1925,34657,25],"class_list":{"0":"post-207464","1":"post","2":"type-post","3":"status-publish","4":"format-standard","5":"has-post-thumbnail","7":"category-paris","8":"tag-actu","9":"tag-actu-paris","10":"tag-actualites","11":"tag-actualites-paris","12":"tag-centre-de-la-france","13":"tag-chutes-darbres","14":"tag-eu","15":"tag-europe","16":"tag-fr","17":"tag-france","18":"tag-les-images","19":"tag-news","20":"tag-news-paris","21":"tag-orages","22":"tag-paris","23":"tag-paris-news","24":"tag-pluies-diluviennes","25":"tag-republique-francaise"},"share_on_mastodon":{"url":"https:\/\/pubeurope.com\/@fr\/114753444495076156","error":""},"_links":{"self":[{"href":"https:\/\/www.europesays.com\/fr\/wp-json\/wp\/v2\/posts\/207464","targetHints":{"allow":["GET"]}}],"collection":[{"href":"https:\/\/www.europesays.com\/fr\/wp-json\/wp\/v2\/posts"}],"about":[{"href":"https:\/\/www.europesays.com\/fr\/wp-json\/wp\/v2\/types\/post"}],"author":[{"embeddable":true,"href":"https:\/\/www.europesays.com\/fr\/wp-json\/wp\/v2\/users\/2"}],"replies":[{"embeddable":true,"href":"https:\/\/www.europesays.com\/fr\/wp-json\/wp\/v2\/comments?post=207464"}],"version-history":[{"count":0,"href":"https:\/\/www.europesays.com\/fr\/wp-json\/wp\/v2\/posts\/207464\/revisions"}],"wp:featuredmedia":[{"embeddable":true,"href":"https:\/\/www.europesays.com\/fr\/wp-json\/wp\/v2\/media\/207465"}],"wp:attachment":[{"href":"https:\/\/www.europesays.com\/fr\/wp-json\/wp\/v2\/media?parent=207464"}],"wp:term":[{"taxonomy":"category","embeddable":true,"href":"https:\/\/www.europesays.com\/fr\/wp-json\/wp\/v2\/categories?post=207464"},{"taxonomy":"post_tag","embeddable":true,"href":"https:\/\/www.europesays.com\/fr\/wp-json\/wp\/v2\/tags?post=207464"}],"curies":[{"name":"wp","href":"https:\/\/api.w.org\/{rel}","templated":true}]}}