{"id":207480,"date":"2025-06-27T04:36:10","date_gmt":"2025-06-27T04:36:10","guid":{"rendered":"https:\/\/www.europesays.com\/fr\/207480\/"},"modified":"2025-06-27T04:36:10","modified_gmt":"2025-06-27T04:36:10","slug":"entre-donald-trump-et-vladimir-poutine-le-moment-de-verite-de-leurope","status":"publish","type":"post","link":"https:\/\/www.europesays.com\/fr\/207480\/","title":{"rendered":"entre Donald Trump et Vladimir Poutine, le moment de v\u00e9rit\u00e9 de l\u2019Europe"},"content":{"rendered":"<p>Dans un monde o\u00f9 la force brute prend le pas sur le droit et la n\u00e9gociation, o\u00f9 les Europ\u00e9ens se trouvent pris en sandwich entre le r\u00e9visionnisme russe appuy\u00e9 par la Chine et le vacillement de la garantie de s\u00e9curit\u00e9 am\u00e9ricaine, l\u2019Europe a un rendez-vous existentiel avec l\u2019histoire. Y est-elle pr\u00eate\u00a0?<\/p>\n<p class=\"fig-paragraph\">Coorganis\u00e9es par \u00abLe Figaro\u00bb et la Fondation Tocqueville, avec le soutien du d\u00e9partement de la Manche, de la r\u00e9gion Normandie et de la communaut\u00e9 de communes du Cotentin,\u00a0<a href=\"http:\/\/www.lefigaro.fr\/international\/conversations-tocqueville-les-democraties-occidentales-en-quete-d-un-soudain-et-energique-effort-pour-se-ressaisir-20240707\" target=\"_blank\" data-fig-type=\"Article\" rel=\"noopener\" data-gtm-custom-categorie=\"navigation\" data-gtm-custom-action=\"crossclick\" data-gtm-custom-label=\"Contextuel\" data-gtm-event=\"customEventSPE\" data-fig-domain=\"LEFIGARO\">les Conversations Tocqueville<\/a> \u00a0se penchent ces vendredi et samedi sur l\u2019Europe et son moment de v\u00e9rit\u00e9, lors de leurs d\u00e9bats annuels.<\/p>\n<p class=\"fig-paragraph\">Certains jugeront paradoxal de placer \u00ab\u00a0L\u2019heure de l\u2019Europe\u00a0\u00bb au c\u0153ur du d\u00e9bat alors que les projecteurs sont braqu\u00e9s sur\u00a0<a href=\"http:\/\/www.lefigaro.fr\/international\/messages-grossiers-frappes-de-missiles-et-appel-a-l-amour-la-drole-de-guerre-de-donald-trump-au-moyen-orient-20250624\" target=\"_blank\" data-fig-type=\"Article\" rel=\"noopener\" data-gtm-custom-categorie=\"navigation\" data-gtm-custom-action=\"crossclick\" data-gtm-custom-label=\"Contextuel\" data-gtm-event=\"customEventSPE\" data-fig-domain=\"LEFIGARO\">les strat\u00e9gies muscl\u00e9es des \u00c9tats-Unis<\/a>\u00a0et\u00a0<a href=\"http:\/\/www.lefigaro.fr\/international\/pour-benyamin-netanyahou-la-guerre-avec-l-iran-s-acheve-en-demi-teinte-20250625\" target=\"_blank\" data-fig-type=\"Article\" rel=\"noopener\" data-gtm-custom-categorie=\"navigation\" data-gtm-custom-action=\"crossclick\" data-gtm-custom-label=\"Contextuel\" data-gtm-event=\"customEventSPE\" data-fig-domain=\"LEFIGARO\">d\u2019Isra\u00ebl face \u00e0 l\u2019Iran<\/a>, illustration \u00e9clatante du r\u00f4le du rapport de force et de la puissance. Les Europ\u00e9ens auront \u00e9t\u00e9 les observateurs impuissants de cette s\u00e9quence, r\u00e9duits \u00e0 invoquer m\u00e9caniquement le retour \u00e0 la diplomatie, sans avoir le moindre levier pour peser. Sur leur propre sol, ils ont \u00e9chou\u00e9 \u00e0 arr\u00eater\u00a0<a href=\"http:\/\/www.lefigaro.fr\/international\/l-ukraine-sous-pression-dans-la-region-de-dnipropetrovsk-20250608\" target=\"_blank\" data-fig-type=\"Article\" rel=\"noopener\" data-gtm-custom-categorie=\"navigation\" data-gtm-custom-action=\"crossclick\" data-gtm-custom-label=\"Contextuel\" data-gtm-event=\"customEventSPE\" data-fig-domain=\"LEFIGARO\">la guerre barbare \u00e0 grande \u00e9chelle men\u00e9e par la Russie contre l\u2019Ukraine<\/a>, leur plus grand test. C\u2019est pr\u00e9cis\u00e9ment dans ce tableau d\u2019impuissance et de marginalisation que se situe l\u2019urgence de la discussion. L\u2019Europe\u2026<\/p>\n<p class=\"fig-premium-paywall__infos\">\n        Cet article est r\u00e9serv\u00e9 aux abonn\u00e9s.        Il vous reste 93% \u00e0 d\u00e9couvrir.\n    <\/p>\n<p>                <img  data- alt=\"Le Figaro\" class=\"fig-img--complete fig-img\"\/><\/p>\n<p class=\"fig-premium-paywall__title\">Vente Flash : derniers jours<\/p>\n<p class=\"fig-premium-paywall__subtitle\">3,99\u20ac par mois pendant 12 mois. Sans engagement.<\/p>\n<p class=\"fig-premium-paywall__connect\">\n                D\u00e9j\u00e0 abonn\u00e9\u00a0?                <a class=\"fig-premium-paywall__connect-link\" href=\"https:\/\/connect.lefigaro.fr\/login?client=horizon_web&amp;type=main&amp;redirect_uri=https%3A%2F%2Fwww.lefigaro.fr%2Fvox%2Fmonde%2Fconversations-tocqueville-entre-donald-trump-et-vladimir-poutine-le-moment-de-verite-de-l-europe-20250627\" data-js-gtm=\"{&quot;customCategorie&quot;: &quot;conversion&quot;, &quot;customAction&quot;: &quot;before_Landing_Connexion_paywall_auto&quot;, &quot;customLabel&quot;: &quot;bGVmaWdhcm8uZnJfXzFmMDUyNmY3LWFiNGYtNmE0MC05OTdjLWViMDE0OWQ2YWVlZl9fQXJ0aWNsZQ==_Conversations Tocqueville\u00a0: entre Donald Trump et Vladimir Poutine, le moment de v\u00e9rit\u00e9 de l\u2019Europe_696&quot;, &quot;customIDSPE&quot;: &quot;bGVmaWdhcm8uZnJfXzFmMDUyNmY3LWFiNGYtNmE0MC05OTdjLWViMDE0OWQ2YWVlZl9fQXJ0aWNsZQ==&quot;, &quot;event&quot;: &quot;customEventSPE&quot;}\" target=\"_blank\" rel=\"noopener\"><br \/>\n                    Connectez-vous<br \/>\n                <\/a>\n            <\/p>\n","protected":false},"excerpt":{"rendered":"Dans un monde o\u00f9 la force brute prend le pas sur le droit et la n\u00e9gociation, o\u00f9 les&hellip;\n","protected":false},"author":2,"featured_media":207481,"comment_status":"","ping_status":"","sticky":false,"template":"","format":"standard","meta":{"footnotes":""},"categories":[1586],"tags":[11,1428,1292,2198,2197,75,1777,674,1429,1011,27,14,12,1427,1426,25,135],"class_list":{"0":"post-207480","1":"post","2":"type-post","3":"status-publish","4":"format-standard","5":"has-post-thumbnail","7":"category-europe","8":"tag-actualites","9":"tag-chroniqueurs","10":"tag-debat","11":"tag-debat-monde","12":"tag-debats-international","13":"tag-donald-trump","14":"tag-eu","15":"tag-europe","16":"tag-figarovox","17":"tag-fr","18":"tag-france","19":"tag-international","20":"tag-news","21":"tag-opinions","22":"tag-questions","23":"tag-republique-francaise","24":"tag-vladimir-poutine"},"share_on_mastodon":{"url":"","error":""},"_links":{"self":[{"href":"https:\/\/www.europesays.com\/fr\/wp-json\/wp\/v2\/posts\/207480","targetHints":{"allow":["GET"]}}],"collection":[{"href":"https:\/\/www.europesays.com\/fr\/wp-json\/wp\/v2\/posts"}],"about":[{"href":"https:\/\/www.europesays.com\/fr\/wp-json\/wp\/v2\/types\/post"}],"author":[{"embeddable":true,"href":"https:\/\/www.europesays.com\/fr\/wp-json\/wp\/v2\/users\/2"}],"replies":[{"embeddable":true,"href":"https:\/\/www.europesays.com\/fr\/wp-json\/wp\/v2\/comments?post=207480"}],"version-history":[{"count":0,"href":"https:\/\/www.europesays.com\/fr\/wp-json\/wp\/v2\/posts\/207480\/revisions"}],"wp:featuredmedia":[{"embeddable":true,"href":"https:\/\/www.europesays.com\/fr\/wp-json\/wp\/v2\/media\/207481"}],"wp:attachment":[{"href":"https:\/\/www.europesays.com\/fr\/wp-json\/wp\/v2\/media?parent=207480"}],"wp:term":[{"taxonomy":"category","embeddable":true,"href":"https:\/\/www.europesays.com\/fr\/wp-json\/wp\/v2\/categories?post=207480"},{"taxonomy":"post_tag","embeddable":true,"href":"https:\/\/www.europesays.com\/fr\/wp-json\/wp\/v2\/tags?post=207480"}],"curies":[{"name":"wp","href":"https:\/\/api.w.org\/{rel}","templated":true}]}}