{"id":207492,"date":"2025-06-27T04:44:10","date_gmt":"2025-06-27T04:44:10","guid":{"rendered":"https:\/\/www.europesays.com\/fr\/207492\/"},"modified":"2025-06-27T04:44:10","modified_gmt":"2025-06-27T04:44:10","slug":"elsa-jacquemot-prive-alize-cornet-de-tableau-principal-a-wimbledon","status":"publish","type":"post","link":"https:\/\/www.europesays.com\/fr\/207492\/","title":{"rendered":"Elsa Jacquemot prive Aliz\u00e9 Cornet de tableau principal \u00e0 Wimbledon"},"content":{"rendered":"<p>Elsa Jacquemot a vaincu sa compatriote Aliz\u00e9 Cornet en deux sets ce jeudi et se qualifie pour le tableau principal de Wimbledon. Elle rejoint Diane Parry et Varvara Gracheva qui seront les trois repr\u00e9sentantes tricolores \u00e0 Londres.<\/p>\n<p class=\"fig-paragraph\">Le tableau f\u00e9minin\u00a0<a href=\"http:\/\/www.lefigaro.fr\/sports\/tennis\/tennis-une-statue-d-andy-murray-va-etre-construite-a-wimbledon-20250624\" data-fig-type=\"NewsFlash\" data-gtm-custom-categorie=\"navigation\" data-gtm-custom-action=\"crossclick\" data-gtm-custom-label=\"Contextuel\" data-gtm-event=\"customEventSPE\" data-fig-domain=\"LEFIGARO\" target=\"_blank\" rel=\"noopener\">de Wimbledon\u00a0<\/a>(30 juin-13 juillet) comptera trois Fran\u00e7aises, contre six en 2024, apr\u00e8s la victoire jeudi au 3e tour des qualifications d\u2019Elsa Jacquemot (115e), qui lui permet de rejoindre ses\u00a0<a href=\"http:\/\/www.lefigaro.fr\/sports\/tennis\/wimbledon\/wimbledon-diane-parry-se-qualifie-pour-le-tableau-principal-20250626\" data-fig-type=\"NewsFlash\" data-gtm-custom-categorie=\"navigation\" data-gtm-custom-action=\"crossclick\" data-gtm-custom-label=\"Contextuel\" data-gtm-event=\"customEventSPE\" data-fig-domain=\"LEFIGARO\" target=\"_blank\" rel=\"noopener\">compatriotes Diane Parry<\/a>\u00a0(113e) et Varvara Gracheva (111e). Jacquemot a remport\u00e9 7-5, 6-1 un duel 100% fran\u00e7ais contre Aliz\u00e9 Cornet (actuelle 840e, ex-11e mondiale), de retour sur le circuit depuis le printemps apr\u00e8s une pause de pr\u00e8s d&rsquo;un an.<\/p>\n<p>3 Fran\u00e7aises de moins qu\u2019en 2024<\/p>\n<p class=\"fig-paragraph\">Actuellement engag\u00e9e au WTA 250 d&rsquo;Eastbourne dont elle disputera vendredi les demi-finales, Varvara Gracheva disposait pour sa part d&rsquo;un classement suffisamment \u00e9lev\u00e9 au moment o\u00f9 Wimbledon a arr\u00eat\u00e9 la liste des participantes pour int\u00e9grer directement le tableau final. Les Bleues sont deux fois moins nombreuses qu&rsquo;en 2024 sur la ligne de d\u00e9part du troisi\u00e8me Grand Chelem de la saison.<\/p>\n<p class=\"fig-paragraph\">Lors de la derni\u00e8re \u00e9dition, Caroline Garcia, Varvara Gracheva et Clara Burel avaient atteint le deuxi\u00e8me tour, tandis qu&rsquo;Oc\u00e9ane Dodin, Diane Parry et Elsa Jacquemot avaient \u00e9t\u00e9 \u00e9limin\u00e9es d\u00e8s leur entr\u00e9e en lice. La n\u00b01 fran\u00e7aise Lo\u00efs Boisson (65e), demi-finaliste surprise de Roland-Garros au d\u00e9but du mois, a elle \u00e9t\u00e9 battue mardi d\u00e8s le premier tour des qualifications, sur un gazon qu&rsquo;elle d\u00e9couvrait \u00e0 22 ans.<\/p>\n<p>Moins de repr\u00e9sentants chez les hommes aussi<\/p>\n<p class=\"fig-paragraph\">Chez les messieurs, trois Fran\u00e7ais sont parvenus \u00e0 s&rsquo;extraire des qualifications pour rejoindre les neuf joueurs tricolores d\u00e9j\u00e0 assur\u00e9s de leur place dans le tableau final. Valentin Royer (112e) a domin\u00e9 en trois sets son compatriote Titouan Droguet (197e) tandis qu&rsquo;Adrian Mannarino (125e) et Arthur Cazaux (116e) ont tous deux surmont\u00e9 la perte du premier set pour \u00e9liminer en quatre manches l&rsquo;Australien Li Tu (164e) et le Serbe Dusan Lajovic (118e).<\/p>\n<p class=\"fig-paragraph\">Dernier Fran\u00e7ais engag\u00e9 au troisi\u00e8me tour des qualifications, Kyrian Jacquet (151e) dispute une place dans le tableau final au Portugais Jaime Faria (117e). M\u00eame s&rsquo;il se qualifie, le contingent fran\u00e7ais pr\u00e9sent au premier tour de Wimbledon sera inf\u00e9rieur aux 14 Bleus sur la ligne de d\u00e9part en 2024.<\/p>\n<p class=\"fig-paragraph\">Lors de la pr\u00e9c\u00e9dente \u00e9dition, Ugo Humbert, Giovanni Mpetshi Perricard et Arthur Fils s&rsquo;\u00e9taient hiss\u00e9s en huiti\u00e8mes de finale. Ce dernier est forfait cette ann\u00e9e en raison d&rsquo;une blessure au dos qui l&rsquo;a contraint \u00e0 se retirer de Roland-Garros avant son troisi\u00e8me tour. Le tirage au sort doit se d\u00e9rouler vendredi \u00e0 11h heure fran\u00e7aise.<\/p>\n","protected":false},"excerpt":{"rendered":"Elsa Jacquemot a vaincu sa compatriote Aliz\u00e9 Cornet en deux sets ce jeudi et se qualifie pour le&hellip;\n","protected":false},"author":2,"featured_media":207493,"comment_status":"","ping_status":"","sticky":false,"template":"","format":"standard","meta":{"footnotes":""},"categories":[1415],"tags":[47,34658,4169,525,1981,4178,4179,1011,27,1114,3996,10535,4177,4176,4174,4175,1980,4171,60,1467,4172,4173,4170],"class_list":{"0":"post-207492","1":"post","2":"type-post","3":"status-publish","4":"format-standard","5":"has-post-thumbnail","7":"category-tennis","8":"tag-actualite","9":"tag-alize-cornet","10":"tag-atp","11":"tag-calendrier","12":"tag-classement","13":"tag-coupe-davis","14":"tag-fed-cup","15":"tag-fr","16":"tag-france","17":"tag-infos","18":"tag-jeux-olympiques","19":"tag-lois-boisson","20":"tag-masters-1000","21":"tag-masters-500","22":"tag-masters-series","23":"tag-open-daustralie","24":"tag-resultats","25":"tag-roland-garros","26":"tag-sports","27":"tag-tennis","28":"tag-us-open","29":"tag-wimbledon","30":"tag-wta"},"share_on_mastodon":{"url":"","error":""},"_links":{"self":[{"href":"https:\/\/www.europesays.com\/fr\/wp-json\/wp\/v2\/posts\/207492","targetHints":{"allow":["GET"]}}],"collection":[{"href":"https:\/\/www.europesays.com\/fr\/wp-json\/wp\/v2\/posts"}],"about":[{"href":"https:\/\/www.europesays.com\/fr\/wp-json\/wp\/v2\/types\/post"}],"author":[{"embeddable":true,"href":"https:\/\/www.europesays.com\/fr\/wp-json\/wp\/v2\/users\/2"}],"replies":[{"embeddable":true,"href":"https:\/\/www.europesays.com\/fr\/wp-json\/wp\/v2\/comments?post=207492"}],"version-history":[{"count":0,"href":"https:\/\/www.europesays.com\/fr\/wp-json\/wp\/v2\/posts\/207492\/revisions"}],"wp:featuredmedia":[{"embeddable":true,"href":"https:\/\/www.europesays.com\/fr\/wp-json\/wp\/v2\/media\/207493"}],"wp:attachment":[{"href":"https:\/\/www.europesays.com\/fr\/wp-json\/wp\/v2\/media?parent=207492"}],"wp:term":[{"taxonomy":"category","embeddable":true,"href":"https:\/\/www.europesays.com\/fr\/wp-json\/wp\/v2\/categories?post=207492"},{"taxonomy":"post_tag","embeddable":true,"href":"https:\/\/www.europesays.com\/fr\/wp-json\/wp\/v2\/tags?post=207492"}],"curies":[{"name":"wp","href":"https:\/\/api.w.org\/{rel}","templated":true}]}}