{"id":207500,"date":"2025-06-27T04:48:11","date_gmt":"2025-06-27T04:48:11","guid":{"rendered":"https:\/\/www.europesays.com\/fr\/207500\/"},"modified":"2025-06-27T04:48:11","modified_gmt":"2025-06-27T04:48:11","slug":"tdf-tour-de-france-lequipe-intermarche-wanty-avec-sa-star-biniam-girmay-sur-le-tour","status":"publish","type":"post","link":"https:\/\/www.europesays.com\/fr\/207500\/","title":{"rendered":"TDF. Tour de France &#8211; L&rsquo;\u00e9quipe Intermarch\u00e9 Wanty avec sa star Biniam Girmay sur le Tour"},"content":{"rendered":"<p>La formation belge <strong>Intermarch\u00e9-Wanty<\/strong> a annonc\u00e9 ce jeudi sa composition d&rsquo;\u00e9quipe pour le <strong><a href=\"https:\/\/www.cyclismactu.net\/..\/news-tdf-tour-de-france-a-j-12-parcours-et-profils-des-etapes-du-tour-de-france-87899.html?utm_campaign=post-auto&amp;utm_medium=twitter&amp;utm_source=mashup-cyclismactu\" rel=\"nofollow noopener\" target=\"_blank\">Tour de France<\/a><\/strong> 2025, qui commence dans un peu plus d&rsquo;une semaine. Eblouissant lors de l&rsquo;\u00e9dition 2024, avec ses 3 victoires d&rsquo;\u00e9tapes et un maillot vert historique, l&rsquo;\u00c9rythr\u00e9en <strong>Biniam Girmay<\/strong> sera \u00e9videmment de nouveau de la partie. Il essaiera de faire aussi bien cette ann\u00e9e, avec quelques \u00e9tapes qui pourraient lui convenir \u00e0 merveille. Cette 112e \u00e9dition de la Grande Boucle sera la 8e participation de l&rsquo;\u00e9quipe de\u00a0<strong>Jean-Fran\u00e7ois Bourlart<\/strong>, qui aura pour objectif de viser les victoires d&rsquo;\u00e9tape.<\/p>\n<p>Vid\u00e9o &#8211; Pourquoi Intermarch\u00e9 et Les Mousquetaires dans le cyclisme ? Lire la suite de l&rsquo;article&#13;<\/p>\n<p>\u00a0<\/p>\n<p>&#13;<br \/>\nBiniam Girmay bien accompagn\u00e9&#13;<\/p>\n<p>Aux c\u00f4t\u00e9s de la star \u00e9rythr\u00e9enne, deux fid\u00e8les lieutenants : <strong>Hugo Page<\/strong> et <strong>Laurenz Rex<\/strong>, qui ont jou\u00e9 un r\u00f4le cl\u00e9 dans son tripl\u00e9 historique l\u2019an pass\u00e9. Tous deux abordent leur deuxi\u00e8me <strong>Tour<\/strong> en pleine progression. Le train de sprint b\u00e2ti autour de <strong>Girmay<\/strong> est renforc\u00e9 par le Belge <strong>Vito Braet<\/strong> et le N\u00e9erlandais <strong>Roel van Sintmaartensdijk<\/strong>, premier talent issu de la structure de d\u00e9veloppement <strong>Wanty-NIPPO-ReUz<\/strong> \u00e0 d\u00e9couvrir le <strong>Tour de France<\/strong>. L\u2019\u00e9quipe pourra \u00e9galement compter sur l\u2019infatigable <strong>Jonas Rutsch<\/strong>, qui s\u2019est illustr\u00e9 d\u00e8s sa premi\u00e8re saison par plusieurs \u00e9chapp\u00e9es,\u00a0notamment une sixi\u00e8me place sur <strong>Paris-Roubaix<\/strong>.<\/p>\n<p>&#13;<\/p>\n<p>Nouveau visage du Tour, tout comme <strong>Braet et Van Sintmaartensdijk<\/strong>, <strong>Louis Barr\u00e9<\/strong> incarne la r\u00e9v\u00e9lation du printemps. Le Fran\u00e7ais de 25 ans ne cesse de repousser ses limites depuis son arriv\u00e9e dans l\u2019\u00e9quipe wallonne, avec une remarquable sixi\u00e8me place sur l\u2019<strong>Amstel Gold Race<\/strong> et un premier podium en <strong>World Tour<\/strong> au <strong>Dauphin\u00e9<\/strong>. Enfin,<strong> Georg Zimmermann<\/strong> est s\u00e9lectionn\u00e9 pour la cinqui\u00e8me fois sur la Grande Boucle avec<strong> Intermarch\u00e9-Wanty<\/strong>. Le grimpeur allemand de 27 ans, artisan du succ\u00e8s de <strong>Girmay<\/strong> l\u2019\u00e9t\u00e9 dernier, a franchi un nouveau cap en avril dernier, remportant sa premi\u00e8re course par \u00e9tapes : le <strong>Giro des Abruzzes<\/strong>.<\/p>\n","protected":false},"excerpt":{"rendered":"La formation belge Intermarch\u00e9-Wanty a annonc\u00e9 ce jeudi sa composition d&rsquo;\u00e9quipe pour le Tour de France 2025, qui&hellip;\n","protected":false},"author":2,"featured_media":207501,"comment_status":"","ping_status":"","sticky":false,"template":"","format":"standard","meta":{"footnotes":""},"categories":[1411],"tags":[1154,207,211,1011,27,209,60,210,212,208,213],"class_list":{"0":"post-207500","1":"post","2":"type-post","3":"status-publish","4":"format-standard","5":"has-post-thumbnail","7":"category-cyclisme","8":"tag-cycling","9":"tag-cyclisme","10":"tag-ffc","11":"tag-fr","12":"tag-france","13":"tag-route","14":"tag-sports","15":"tag-tour-de-france","16":"tag-uci","17":"tag-velo","18":"tag-world-tour"},"share_on_mastodon":{"url":"","error":""},"_links":{"self":[{"href":"https:\/\/www.europesays.com\/fr\/wp-json\/wp\/v2\/posts\/207500","targetHints":{"allow":["GET"]}}],"collection":[{"href":"https:\/\/www.europesays.com\/fr\/wp-json\/wp\/v2\/posts"}],"about":[{"href":"https:\/\/www.europesays.com\/fr\/wp-json\/wp\/v2\/types\/post"}],"author":[{"embeddable":true,"href":"https:\/\/www.europesays.com\/fr\/wp-json\/wp\/v2\/users\/2"}],"replies":[{"embeddable":true,"href":"https:\/\/www.europesays.com\/fr\/wp-json\/wp\/v2\/comments?post=207500"}],"version-history":[{"count":0,"href":"https:\/\/www.europesays.com\/fr\/wp-json\/wp\/v2\/posts\/207500\/revisions"}],"wp:featuredmedia":[{"embeddable":true,"href":"https:\/\/www.europesays.com\/fr\/wp-json\/wp\/v2\/media\/207501"}],"wp:attachment":[{"href":"https:\/\/www.europesays.com\/fr\/wp-json\/wp\/v2\/media?parent=207500"}],"wp:term":[{"taxonomy":"category","embeddable":true,"href":"https:\/\/www.europesays.com\/fr\/wp-json\/wp\/v2\/categories?post=207500"},{"taxonomy":"post_tag","embeddable":true,"href":"https:\/\/www.europesays.com\/fr\/wp-json\/wp\/v2\/tags?post=207500"}],"curies":[{"name":"wp","href":"https:\/\/api.w.org\/{rel}","templated":true}]}}