{"id":207504,"date":"2025-06-27T04:50:11","date_gmt":"2025-06-27T04:50:11","guid":{"rendered":"https:\/\/www.europesays.com\/fr\/207504\/"},"modified":"2025-06-27T04:50:11","modified_gmt":"2025-06-27T04:50:11","slug":"les-addictions-a-la-drogue-lont-perdu-philippe-lacheau-pleure-la-mort-de-son-frere","status":"publish","type":"post","link":"https:\/\/www.europesays.com\/fr\/207504\/","title":{"rendered":"\u00ab\u00a0Les addictions \u00e0 la drogue l&rsquo;ont perdu\u2026\u00a0\u00bb : Philippe Lacheau pleure la mort de son fr\u00e8re"},"content":{"rendered":"<p>Les Fran\u00e7ais le connaissent depuis maintenant plus de dix ans. Avec ses acolytes Julien Arruti, <a href=\"https:\/\/www.public.fr\/le-comedien-tarek-boudali-diffuse-une-video-de-lui-escaladant-un-building-de-plus-de-330-metres-de-hauteur-il-a-franchi-un-cap\" target=\"_blank\" rel=\"noopener\">Tarek Boudali<\/a>, ou encore <a href=\"https:\/\/www.public.fr\/philippe-lacheau-en-couple-avec-elodie-fontan-mais-saoule\" target=\"_blank\" rel=\"noopener\">sa compagne Elodie Fontan<\/a>, <a href=\"https:\/\/vsd.fr\/tag\/philippe-lacheau\/\" target=\"_blank\" rel=\"noopener\">Philippe Lacheau<\/a> fait rire des millions de t\u00e9l\u00e9spectateurs et spectateurs \u00e0 chacun de ses films.\u00a0<\/p>\n<p>Alors qu\u2019il pr\u00e9pare actuellement une nouvelle version du <strong>\u00ab\u00a0Marsupilami\u00a0\u00bb<\/strong>, le com\u00e9dien et r\u00e9alisateur, \u00e9galement pr\u00e9sentateur de <strong>\u00ab\u00a0LOL, qui rit, sort!\u00a0\u00bb<\/strong> sur Prime Video, a d\u2019autres productions \u00e0 succ\u00e8s \u00e0 son actif.\u00a0<\/p>\n<p>Les nombreux films \u00e0 succ\u00e8s de Philippe Lacheau<\/p>\n<p>Notamment <strong>\u00ab\u00a0Nicky Larson\u00a0\u00bb<\/strong>, <strong>\u00ab\u00a0Alibi.com\u00a0\u00bb<\/strong> 1 et 2, <strong>\u00ab\u00a0\u00c9pouse-moi mon pote\u00a0\u00bb<\/strong>, ou encore LE film qui lui a permis d\u2019exploser pour de bon : <strong>\u00ab\u00a0Babysitting\u00a0\u00bb<\/strong>. Un film sorti en 2013 dans lequel Marc Schaudel confie son fils Remy \u00e0 Franck, son employ\u00e9. <\/p>\n<p>\u00ab\u00a0Sauf que Franck (Philippe Lacheau,ndlr) a 30 ans ce soir et que R\u00e9my est un sale gosse capricieux. Au petit matin, Marc et sa femme Claire sont r\u00e9veill\u00e9s par un appel de la police. R\u00e9my et Franck ont disparu ! Au milieu de leur maison saccag\u00e9e, la police a retrouv\u00e9 une cam\u00e9ra. Marc et Claire d\u00e9couvrent hallucin\u00e9s les images tourn\u00e9es pendant la soir\u00e9e\u00a0\u00bb, d\u00e9taillait Allocin\u00e9 au sujet du synopsis.<\/p>\n<p>Franck, interpr\u00e9t\u00e9 par Philippe Lacheau, n\u2019a pas \u00e9t\u00e9 choisi au hasard. En effet, si le com\u00e9dien et r\u00e9alisateur de 45 ans a choisi ce pr\u00e9nom, c\u2019est en r\u00e9f\u00e9rence \u00e0 son fr\u00e8re qu\u2019il a perdu, alors qu\u2019il n\u2019avait que 16 ans.\u00a0<\/p>\n<p>Son personnage de Franck, inspir\u00e9 de son fr\u00e8re d\u00e9c\u00e9d\u00e9<\/p>\n<p>Invit\u00e9 de Laurent Baffie pour <strong>\u00ab\u00a0Coloscopie\u00a0\u00bb<\/strong> ce mercredi 25 juin 2025, l\u2019acolyte de Tarek Boudali a en effet accept\u00e9 de se confier sur sa vie priv\u00e9e et surtout sur son pass\u00e9. C\u2019est lors de son entretien avec le \u00ab\u00a0sniper du PAF\u00a0\u00bb, que Philippe Lacheau a \u00e9voqu\u00e9 l\u2019histoire derri\u00e8re son personnage Franck, et surtout la tragique fin de vie de son fr\u00e8re en 1996.<\/p>\n<p>\u00ab\u00a0J\u2019avais un demi-fr\u00e8re, Franck, c&rsquo;est d&rsquo;ailleurs pour \u00e7a que je m&rsquo;appelle Franck dans\u00a0le premier\u00a0Babysitting, qui est parti tr\u00e8s jeune\u00a0\u00bb, a-t-il confi\u00e9 \u00e0 Laurent Baffie avant de d\u00e9voiler les causes de cette mort pr\u00e9matur\u00e9e : \u00ab\u00a0<strong>J\u2019avais 16 ans lui avait 28 ans. Les addictions \u00e0 la drogue l&rsquo;ont perdu<\/strong>, c&rsquo;\u00e9tait terrible pour mon p\u00e8re, pour sa fille Sarah dont je suis le parrain\u2026\u00a0\u00bb.<\/p>\n<p>Cette disparition a permis \u00e0 Philippe Lacheau d\u2019\u00e9viter certains dangers de la vie comme les addictions. \u00ab\u00a0Je suis quelqu&rsquo;un de tr\u00e8s sage, je ne bois pas, ne fume pas et <strong>peut-\u00eatre que Franck a \u00e9t\u00e9 pour moi un contre-exemple<\/strong>\u00ab\u00a0, reconna\u00eet-il aupr\u00e8s de Laurent Baffie.<\/p>\n<p>      Mentionn\u00e9s dans cet article<\/p>\n<p>\u00c0 lire aussi<\/p>\n","protected":false},"excerpt":{"rendered":"Les Fran\u00e7ais le connaissent depuis maintenant plus de dix ans. Avec ses acolytes Julien Arruti, Tarek Boudali, ou&hellip;\n","protected":false},"author":2,"featured_media":207505,"comment_status":"","ping_status":"","sticky":false,"template":"","format":"standard","meta":{"footnotes":""},"categories":[1359],"tags":[58,14438,59,1011,27,973,10922,26509],"class_list":{"0":"post-207504","1":"post","2":"type-post","3":"status-publish","4":"format-standard","5":"has-post-thumbnail","7":"category-people","8":"tag-divertissement","9":"tag-elodie-fontan","10":"tag-entertainment","11":"tag-fr","12":"tag-france","13":"tag-people","14":"tag-philippe-lacheau","15":"tag-tarek-boudali"},"share_on_mastodon":{"url":"","error":""},"_links":{"self":[{"href":"https:\/\/www.europesays.com\/fr\/wp-json\/wp\/v2\/posts\/207504","targetHints":{"allow":["GET"]}}],"collection":[{"href":"https:\/\/www.europesays.com\/fr\/wp-json\/wp\/v2\/posts"}],"about":[{"href":"https:\/\/www.europesays.com\/fr\/wp-json\/wp\/v2\/types\/post"}],"author":[{"embeddable":true,"href":"https:\/\/www.europesays.com\/fr\/wp-json\/wp\/v2\/users\/2"}],"replies":[{"embeddable":true,"href":"https:\/\/www.europesays.com\/fr\/wp-json\/wp\/v2\/comments?post=207504"}],"version-history":[{"count":0,"href":"https:\/\/www.europesays.com\/fr\/wp-json\/wp\/v2\/posts\/207504\/revisions"}],"wp:featuredmedia":[{"embeddable":true,"href":"https:\/\/www.europesays.com\/fr\/wp-json\/wp\/v2\/media\/207505"}],"wp:attachment":[{"href":"https:\/\/www.europesays.com\/fr\/wp-json\/wp\/v2\/media?parent=207504"}],"wp:term":[{"taxonomy":"category","embeddable":true,"href":"https:\/\/www.europesays.com\/fr\/wp-json\/wp\/v2\/categories?post=207504"},{"taxonomy":"post_tag","embeddable":true,"href":"https:\/\/www.europesays.com\/fr\/wp-json\/wp\/v2\/tags?post=207504"}],"curies":[{"name":"wp","href":"https:\/\/api.w.org\/{rel}","templated":true}]}}