{"id":207506,"date":"2025-06-27T04:51:13","date_gmt":"2025-06-27T04:51:13","guid":{"rendered":"https:\/\/www.europesays.com\/fr\/207506\/"},"modified":"2025-06-27T04:51:13","modified_gmt":"2025-06-27T04:51:13","slug":"une-exposition-elaboree-entre-los-angeles-et-yvetot-sur-le-travail-artistique-meconnu-de-david-lynch","status":"publish","type":"post","link":"https:\/\/www.europesays.com\/fr\/207506\/","title":{"rendered":"Une exposition \u00e9labor\u00e9e entre Los Angeles et Yvetot sur le travail artistique m\u00e9connu de David Lynch"},"content":{"rendered":"<p>            Par<br \/>\n        <strong><br \/>\n            <a href=\"https:\/\/actu.fr\/auteur\/fmass\" title=\"Consulter tous les articles de Fabien Massin\" rel=\"nofollow noopener\" target=\"_blank\">Fabien Massin<\/a><br \/>\n        <\/strong><\/p>\n<p>        Publi\u00e9 le<\/p>\n<p>            26 juin 2025 \u00e0 17h24<br \/>\n        ; mis \u00e0 jour le 26 juin 2025 \u00e0 17h26    <\/p>\n<p>R\u00e9alisateur majeur du cin\u00e9ma mondial de ses 50 derni\u00e8res, <a href=\"https:\/\/actu.fr\/loisirs-culture\/twin-peaks-elephant-man-le-realisateur-americain-david-lynch-est-mort-a-l-age-de-78-ans_62130118.html\" rel=\"nofollow noopener\" target=\"_blank\">d\u00e9c\u00e9d\u00e9 en janvier<\/a>, <strong>David Lynch<\/strong> (Elephant Man, Blue Velvet, Twin Peak, Mulholland Drive\u2026) \u00e9tait \u00e9galement un artiste plasticien accompli. L\u2019artiste am\u00e9ricain a ainsi montr\u00e9 sa cr\u00e9ativit\u00e9 \u00e0 travers la lithographie. En <a href=\"https:\/\/actu.fr\/normandie\/seine-maritime_76\" rel=\"nofollow noopener\" target=\"_blank\">Seine-Maritime<\/a>, une exposition \u00e9v\u00e9nement \u00e0 la <strong>Galerie Duchamp<\/strong> (Centre d\u2019art contemporain d\u2019int\u00e9r\u00eat national) d\u2019<a href=\"https:\/\/actu.fr\/normandie\/yvetot_76758\" rel=\"nofollow noopener\" target=\"_blank\">Yvetot<\/a> pr\u00e9sente une s\u00e9rie de ses \u0153uvres \u00e0 partir de samedi 21\u00a0juin 2025. Des lithographies qui font \u00e9cho \u00e0 son travail cin\u00e9matographique et son univers si particulier.<\/p>\n<p class=\" wall-content\">\u00ab\u2009Cela faisait longtemps que je voulais pr\u00e9senter l\u2019\u0153uvre de David Lynch\u2009\u00bb, explique <strong>Alexandre Mare<\/strong>, commissaire d\u2019exposition. \u00ab\u2009Je me suis dit que le lieu pouvait l\u2019amuser\u2009: un lieu qui s\u2019y pr\u00eate, dans une ancienne minoterie, un centre d\u2019art situ\u00e9 dans une petite ville de la campagne normande. Et lui qui avait un amour immod\u00e9r\u00e9 des vaches<strong>, le pays de Caux ne pouvait que lui aller<\/strong>.\u2009\u00bb<\/p>\n<p>Un travail conjoint entre la Normandie et la Californie<\/p>\n<p class=\" wall-content\"><strong>David Lynch n\u2019est jamais venu \u00e0 Yvetot<\/strong> et il n\u2019\u00e9tait pas pr\u00e9vu qu\u2019il vienne, avant sa disparition, n\u00e9anmoins l\u2019exposition a \u00e9t\u00e9 con\u00e7ue en \u00e9troite collaboration avec lui.\u00a0De premiers contacts avec l\u2019artiste am\u00e9ricain sont pris il y a deux ans, et l\u2019id\u00e9e d\u2019exposer \u00e0 la galerie Duchamp le s\u00e9duit. L\u2019\u00e9laboration de l\u2019exposition d\u00e9marre, un travail conjoint \u00e0 des milliers de kilom\u00e8tres de distance, <strong>entre Los Angeles et Yvetot<\/strong>.<\/p>\n<p class=\" wall-content\">\u00c0 la nouvelle de son d\u00e9c\u00e8s, \u00e0 la galerie Duchamp, c\u2019est la stupeur, faut-il poursuivre le projet\u2009? Mais l\u2019exposition est quasiment boucl\u00e9e, et <strong>les ayant droit de David Lynch sont favorables<\/strong> au maintien de l\u2019expo seinomarine. L\u2019exposition voit le jour et ouvre ses portes au public samedi 21\u00a0juin 2025, attirant des curieux et des fans de David Lynch faisant le voyage en Normandie sp\u00e9cialement pour l\u2019occasion.<\/p>\n<p>    <img   decoding=\"async\" loading=\"lazy\" src=\"https:\/\/www.europesays.com\/fr\/wp-content\/uploads\/2025\/06\/2025-david-lynch-galerie-duchamp-yvetot-raw-photo-salim-santa-lucia-ssl-9212-2000px-960x640.jpg\" alt=\"Dans l'exposition, la projection de court-m\u00e9trages exp\u00e9rimentaux font \u00e9cho aux lithographies de David Lynch. \" width=\"960\" height=\"640\"\/><br \/>\n    Dans l\u2019exposition, la projection de court-m\u00e9trages exp\u00e9rimentaux font \u00e9cho aux lithographies de David Lynch. (\u00a9Salim Santa Lucia)Vid\u00e9os : en ce moment sur Actu<\/p>\n<p class=\" wall-content\">\u00ab\u2009Entre\u00a01963 et\u00a01967, \u00e9tudiant \u00e0 la School of the Museum of Fine Arts de Boston, puis de l\u2019Acad\u00e9mie des beaux-arts de Pennsylvanie \u00e0 Philadelphie,<strong> c\u2019est d\u2019abord par le dessin, la peinture que son \u0153uvre singuli\u00e8re se d\u00e9ploie<\/strong>\u2009\u00bb, souligne Alexandre Mare. \u00ab\u2009Son travail de lithographie, initi\u00e9 en 2007 \u00e0 Paris r\u00e9v\u00e8le une continuit\u00e9 th\u00e9matique avec son cin\u00e9ma, en mettant en lumi\u00e8re des univers o\u00f9 r\u00eave et r\u00e9alit\u00e9 se confondent. <strong>\u00c0 coup de jeu de va-et-vient et d\u2019auto-r\u00e9f\u00e9rences<\/strong>, le cin\u00e9aste a su modeler un monde qui est comme le reflet \u00e0 peine d\u00e9form\u00e9 du n\u00f4tre.\u2009\u00bb<\/p>\n<blockquote class=\"ac-article-quote wall-content\">\n<p>Ainsi, le sentiment d\u2019\u00e9tranget\u00e9 et de tension qui impr\u00e8gne Elephant Man (1980) et Blue Velvet (1986) se manifeste \u00e0 travers le jeu des ombres et des lumi\u00e8res, ainsi que par les contrastes et les conflits int\u00e9rieurs des personnages. L\u2019ambigu\u00eft\u00e9 narrative de Mulholland Drive (2001) s\u2019exprime quant \u00e0 elle par des compositions visuelles, des jeux de lumi\u00e8re et des mises en sc\u00e8ne aussi d\u00e9routantes qu\u2019intenses.<\/p>\n<p>    <strong>La galerie Duchamp<\/strong>\n            <\/p><\/blockquote>\n<p class=\" wall-content\">En parall\u00e8le, des <strong>court-m\u00e9trages de David Lynch sont projet\u00e9s<\/strong>, faisant \u00e9cho, eux aussi, aux lithographies pr\u00e9sent\u00e9es. L\u2019exposition s\u2019accompagne par ailleurs de la publication d\u2019un Petit Format, livret distribu\u00e9 \u00e0 tous, et de\u00a0Shuper, le d\u00e9pliant destin\u00e9 au jeune public.<\/p>\n<p>Galerie Duchamp, 5-9 rue Perc\u00e9e \u00e0 Yvetot. Ouvert le mercredi de 10h \u00e0 12h et de 14h \u00e0 18h, et du jeudi au dimanche de 14h \u00e0 18h. Entr\u00e9e gratuite.<\/p>\n<p class=\" wall-content\">Suivez toute l\u2019actualit\u00e9 de vos villes et m\u00e9dias favoris en vous inscrivant \u00e0 <a href=\"https:\/\/moncompte.actu.fr\" title=\"D\u00e9couvez Mon Actu\" rel=\"nofollow noopener\" data-trk=\"{&quot;cta&quot;:{&quot;action&quot;:&quot;https:\\\/\\\/moncompte.actu.fr&quot;,&quot;category&quot;:&quot;mon compte&quot;,&quot;from&quot;:&quot;article footer&quot;,&quot;name&quot;:&quot;Mon actu&quot;,&quot;type&quot;:&quot;cta&quot;}}\" target=\"_blank\">Mon Actu<\/a>.<\/p>\n","protected":false},"excerpt":{"rendered":"Par Fabien Massin Publi\u00e9 le 26 juin 2025 \u00e0 17h24 ; mis \u00e0 jour le 26 juin 2025&hellip;\n","protected":false},"author":2,"featured_media":207507,"comment_status":"","ping_status":"","sticky":false,"template":"","format":"standard","meta":{"footnotes":""},"categories":[1358],"tags":[1348,1384,1385,650,1386,58,59,1349,1011,27,1652],"class_list":{"0":"post-207506","1":"post","2":"type-post","3":"status-publish","4":"format-standard","5":"has-post-thumbnail","7":"category-arts-et-design","8":"tag-arts","9":"tag-arts-and-design","10":"tag-arts-et-design","11":"tag-cinema","12":"tag-design","13":"tag-divertissement","14":"tag-entertainment","15":"tag-expositions","16":"tag-fr","17":"tag-france","18":"tag-loisirs-culture"},"share_on_mastodon":{"url":"","error":""},"_links":{"self":[{"href":"https:\/\/www.europesays.com\/fr\/wp-json\/wp\/v2\/posts\/207506","targetHints":{"allow":["GET"]}}],"collection":[{"href":"https:\/\/www.europesays.com\/fr\/wp-json\/wp\/v2\/posts"}],"about":[{"href":"https:\/\/www.europesays.com\/fr\/wp-json\/wp\/v2\/types\/post"}],"author":[{"embeddable":true,"href":"https:\/\/www.europesays.com\/fr\/wp-json\/wp\/v2\/users\/2"}],"replies":[{"embeddable":true,"href":"https:\/\/www.europesays.com\/fr\/wp-json\/wp\/v2\/comments?post=207506"}],"version-history":[{"count":0,"href":"https:\/\/www.europesays.com\/fr\/wp-json\/wp\/v2\/posts\/207506\/revisions"}],"wp:featuredmedia":[{"embeddable":true,"href":"https:\/\/www.europesays.com\/fr\/wp-json\/wp\/v2\/media\/207507"}],"wp:attachment":[{"href":"https:\/\/www.europesays.com\/fr\/wp-json\/wp\/v2\/media?parent=207506"}],"wp:term":[{"taxonomy":"category","embeddable":true,"href":"https:\/\/www.europesays.com\/fr\/wp-json\/wp\/v2\/categories?post=207506"},{"taxonomy":"post_tag","embeddable":true,"href":"https:\/\/www.europesays.com\/fr\/wp-json\/wp\/v2\/tags?post=207506"}],"curies":[{"name":"wp","href":"https:\/\/api.w.org\/{rel}","templated":true}]}}