{"id":207508,"date":"2025-06-27T04:52:15","date_gmt":"2025-06-27T04:52:15","guid":{"rendered":"https:\/\/www.europesays.com\/fr\/207508\/"},"modified":"2025-06-27T04:52:15","modified_gmt":"2025-06-27T04:52:15","slug":"partager-le-plaisir-de-la-lecture-avec-ses-enfants","status":"publish","type":"post","link":"https:\/\/www.europesays.com\/fr\/207508\/","title":{"rendered":"partager le plaisir de la lecture avec ses enfants"},"content":{"rendered":"<p>\u00ab\u00a0J\u2019ai vraiment ador\u00e9 cet apprentissage, j\u2019ai appris \u00e0 faire vivre les livres et \u00e0 les partager avec mes enfants. Nous avons v\u00e9cu ensemble des moments tr\u00e8s intenses.\u00a0\u00bb Lilia Fezzeu, 32 ans, Thannoise, m\u00e8re de trois enfants de 6 ans, 2 ans et 6 mois, n\u2019a pas de mots assez forts pour d\u00e9crire l\u2019aventure qu\u2019elle a v\u00e9cue depuis f\u00e9vrier dernier aux c\u00f4t\u00e9s de douze autres mamans qui ont particip\u00e9 au dispositif national <a href=\"https:\/\/www.lalsace.fr\/culture-loisirs\/2024\/07\/01\/des-livres-a-soi-pour-promouvoir-la-lecture-en-famille\" target=\"_blank\" rel=\"noopener\">\u00ab\u00a0Des livres \u00e0 soi\u00a0\u00bb<\/a>. Ce dernier a \u00e9t\u00e9 mis en \u0153uvre par les m\u00e9diath\u00e8ques de Thann-Cernay pour la premi\u00e8re fois en 2025 et se poursuivra en 2026, en partenariat avec les centres socioculturels Agora de Cernay et du Pays de Thann, ainsi que le p\u00f4le petite enfance de la Communaut\u00e9 de communes de Thann-Cernay (CCTC). Cr\u00e9\u00e9 en 2014, ce dispositif est un programme de m\u00e9diation litt\u00e9raire d\u00e9velopp\u00e9 par le Salon du livre et de la presse jeunesse en Seine-Saint-Denis, soutenu par le minist\u00e8re de la Culture et le Centre national du livre.<\/p>\n<p>Ses objectifs visent la d\u00e9mocratisation de la lecture, le soutien \u00e0 la parentalit\u00e9 et \u00e0 l\u2019inclusion sociale.<\/p>\n<p>  Des outils pour \u00ab\u00a0entrer\u00a0\u00bb en lecture avec ses enfants<\/p>\n<p>L\u2019une de ses originalit\u00e9s est qu\u2019il s\u2019adresse aux parents afin de les r\u00e9habiliter dans leur r\u00f4le d\u2019accompagnement de leurs enfants vers l\u2019\u00e9crit. \u00ab\u00a0Il ne s\u2019agit pas d\u2019ateliers parents-enfants\u00a0\u00bb, insiste A\u00efcha Bouafia, charg\u00e9e de l\u2019action culturelle des m\u00e9diath\u00e8ques de Thann-Cernay. \u00ab\u00a0L\u2019id\u00e9e est de donner aux parents les outils pour \u00ab\u00a0entrer\u00a0\u00bb en lecture avec leurs enfants.\u00a0\u00bb<\/p>\n<p>Lilia Fezzeu a ainsi d\u00e9couvert les livres pop-up qu\u2019elle ne connaissait pas, ces ouvrages \u00e9galement d\u00e9sign\u00e9s sous le terme d\u2019\u00ab\u00a0anim\u00e9s\u00a0\u00bb, dont les illustrations sont mobiles. \u00ab\u00a0Ma fille et moi sommes tomb\u00e9s amoureuses de l\u2019album\u00a0 La Maison hant\u00e9e \u00a0de Jan Pienkowski, c\u2019est vraiment notre gros coup de c\u0153ur\u00a0! [un grand classique paru en 1979 qui a marqu\u00e9 plusieurs g\u00e9n\u00e9rations de lecteurs, NDLR]\u00a0\u00bb<\/p>\n<p>  Jouer avec les livres<\/p>\n<p>La jeune maman souhaitait transmettre son amour de la lecture \u00e0 ses enfants, sans trop savoir comment s\u2019y prendre. \u00ab\u00a0\u00c0 travers les ateliers auxquels j\u2019ai particip\u00e9, j\u2019ai appris \u00e0 m\u2019approprier les albums, \u00e0 les manipuler, \u00e0 les choisir et \u00e0 jouer avec.\u00a0\u00bb Chaque atelier abordait une typologie diff\u00e9rente d\u2019ouvrages (pop-up, imagiers et ab\u00e9c\u00e9daires, histoires tout en images, livres-jeux, comptines et berceuses\u2026), dressant un panorama quasi exhaustif de toutes les fa\u00e7ons d\u2019aborder la lecture.<\/p>\n<p>\u00ab\u00a0Les mamans ont elles-m\u00eames utilis\u00e9 le livre comme support de jeu. C\u2019\u00e9tait tr\u00e8s \u00e9mouvant de voir leur \u00e9merveillement, de les observer en train de retrouver l\u2019enfant qui est en elle, de voir \u00e9merger leurs souvenirs de la petite enfance. Elles ont fait sauter les verrous, se sont autoris\u00e9es \u00e0 l\u00e2cher prise\u00a0\u00bb, relate A\u00efcha Bouafia.<\/p>\n<p>Les livres \u00ab\u00a0CLAP\u00a0\u00bb ont notamment \u00e9t\u00e9 utilis\u00e9s, qui incitent le lecteur \u00e0 lire avec son corps en imitant les attitudes et les actions des personnages, un plaisir aussi physique que c\u00e9r\u00e9bral.<\/p>\n<p>  Lire \u00ab\u00a0avec\u00a0\u00bb plut\u00f4t que \u00ab\u00a0pour\u00a0\u00bb<\/p>\n<p>Maman de deux gar\u00e7ons de 4 et 5 ans, C\u00e9lia Acha, d\u2019Aspach-le-Haut, qui est entr\u00e9e pour la premi\u00e8re fois dans une m\u00e9diath\u00e8que gr\u00e2ce \u00e0 \u00ab\u00a0Des livres \u00e0 soi\u00a0\u00bb, a aussi appr\u00e9hend\u00e9 la diff\u00e9rence entre \u00ab\u00a0lire pour\u00a0\u00bb et \u00ab\u00a0lire avec\u00a0\u00bb son enfant. \u00ab\u00a0Souvent, on lit \u00ab\u00a0pour\u00a0\u00bb, de fa\u00e7on un peu m\u00e9canique, sans incarnation, sans intonation. Aujourd\u2019hui, j\u2019interpr\u00e8te et j\u2019appr\u00e9cie beaucoup plus ces moments d\u2019\u00e9changes avec mes enfants qui sont devenus des moments de qualit\u00e9 pendant lesquels je leur accorde une attention totale.\u00a0\u00bb \u00ab\u00a0Quand on \u00ab\u00a0lit avec\u00a0\u00bb, l\u2019adulte et l\u2019enfant sont sur le m\u00eame plan, on abolit la hi\u00e9rarchie, les barri\u00e8res entre celui qui lit et celui qui \u00e9coute\u00a0\u00bb, souligne A\u00efcha Bouafia.<\/p>\n","protected":false},"excerpt":{"rendered":"\u00ab\u00a0J\u2019ai vraiment ador\u00e9 cet apprentissage, j\u2019ai appris \u00e0 faire vivre les livres et \u00e0 les partager avec mes&hellip;\n","protected":false},"author":2,"featured_media":207509,"comment_status":"","ping_status":"","sticky":false,"template":"","format":"standard","meta":{"footnotes":""},"categories":[1357],"tags":[1379,34661,1687,58,1636,1057,59,107,1011,27,6225,1380,2410,30914,801,104],"class_list":{"0":"post-207508","1":"post","2":"type-post","3":"status-publish","4":"format-standard","5":"has-post-thumbnail","7":"category-livres","8":"tag-books","9":"tag-cernay","10":"tag-culture-loisirs","11":"tag-divertissement","12":"tag-edition-mulhouse-thann","13":"tag-education","14":"tag-entertainment","15":"tag-fil-info","16":"tag-fr","17":"tag-france","18":"tag-la-matinale","19":"tag-livres","20":"tag-livres-bd","21":"tag-secteur-de-cernay","22":"tag-social","23":"tag-societe"},"share_on_mastodon":{"url":"","error":""},"_links":{"self":[{"href":"https:\/\/www.europesays.com\/fr\/wp-json\/wp\/v2\/posts\/207508","targetHints":{"allow":["GET"]}}],"collection":[{"href":"https:\/\/www.europesays.com\/fr\/wp-json\/wp\/v2\/posts"}],"about":[{"href":"https:\/\/www.europesays.com\/fr\/wp-json\/wp\/v2\/types\/post"}],"author":[{"embeddable":true,"href":"https:\/\/www.europesays.com\/fr\/wp-json\/wp\/v2\/users\/2"}],"replies":[{"embeddable":true,"href":"https:\/\/www.europesays.com\/fr\/wp-json\/wp\/v2\/comments?post=207508"}],"version-history":[{"count":0,"href":"https:\/\/www.europesays.com\/fr\/wp-json\/wp\/v2\/posts\/207508\/revisions"}],"wp:featuredmedia":[{"embeddable":true,"href":"https:\/\/www.europesays.com\/fr\/wp-json\/wp\/v2\/media\/207509"}],"wp:attachment":[{"href":"https:\/\/www.europesays.com\/fr\/wp-json\/wp\/v2\/media?parent=207508"}],"wp:term":[{"taxonomy":"category","embeddable":true,"href":"https:\/\/www.europesays.com\/fr\/wp-json\/wp\/v2\/categories?post=207508"},{"taxonomy":"post_tag","embeddable":true,"href":"https:\/\/www.europesays.com\/fr\/wp-json\/wp\/v2\/tags?post=207508"}],"curies":[{"name":"wp","href":"https:\/\/api.w.org\/{rel}","templated":true}]}}