{"id":207518,"date":"2025-06-27T04:58:12","date_gmt":"2025-06-27T04:58:12","guid":{"rendered":"https:\/\/www.europesays.com\/fr\/207518\/"},"modified":"2025-06-27T04:58:12","modified_gmt":"2025-06-27T04:58:12","slug":"adele-van-reeth-patronne-de-france-inter-nicolas-demorand-avait-tres-envie-de-rester-a-la-matinale","status":"publish","type":"post","link":"https:\/\/www.europesays.com\/fr\/207518\/","title":{"rendered":"Ad\u00e8le Van\u00a0Reeth, patronne de France Inter\u00a0: \u00ab\u00a0Nicolas Demorand avait tr\u00e8s envie de rester \u00e0 la matinale\u00a0\u00bb"},"content":{"rendered":"<p class=\"paragraph text_align_left lp-f-body-02\">La semaine derni\u00e8re, la star de la matinale d\u2019Inter a d\u00e9cid\u00e9 de quitter la station publique apr\u00e8s onze saisons pour partir <a href=\"https:\/\/www.leparisien.fr\/culture-loisirs\/tv\/lea-salame-prend-le-20-heures-de-france-2-et-quitte-la-matinale-de-france-inter-19-06-2025-EHS6ND3YDVHAPEOVGO2TGU5LI4.php\" target=\"_blank\" rel=\"noreferrer nofollow noopener\">pr\u00e9senter le \u00ab 20 Heures \u00bb de France 2<\/a>. Un coup dur pour la premi\u00e8re cha\u00eene de Radio France, dont le navire amiral \u00e9tait port\u00e9 par son duo form\u00e9 avec Nicolas Demorand. En exclusivit\u00e9, Ad\u00e8le Van Reeth nous r\u00e9v\u00e8le le nouveau visage de sa matinale, qui s\u2019\u00e9tendra d\u00e9sormais de 7 heures \u00e0 11 heures, et fera une large place \u00e0 <a href=\"https:\/\/www.leparisien.fr\/culture-loisirs\/tv\/mercato-deja-promu-a-france-inter-benjamin-duhamel-quitte-finalement-bfmtv-26-06-2025-WZKMVNCZTFDMDPZNAMU66CSM4A.php\" target=\"_blank\" rel=\"noreferrer nofollow noopener\">Benjamin Duhamel, en partance de BFMTV<\/a>.<\/p>\n","protected":false},"excerpt":{"rendered":"La semaine derni\u00e8re, la star de la matinale d\u2019Inter a d\u00e9cid\u00e9 de quitter la station publique apr\u00e8s onze&hellip;\n","protected":false},"author":2,"featured_media":207519,"comment_status":"","ping_status":"","sticky":false,"template":"","format":"standard","meta":{"footnotes":""},"categories":[8],"tags":[872,58,59,1011,27,2205],"class_list":{"0":"post-207518","1":"post","2":"type-post","3":"status-publish","4":"format-standard","5":"has-post-thumbnail","7":"category-divertissement","8":"tag-culture-et-loisirs","9":"tag-divertissement","10":"tag-entertainment","11":"tag-fr","12":"tag-france","13":"tag-television-medias"},"share_on_mastodon":{"url":"https:\/\/pubeurope.com\/@fr\/114753566100877368","error":""},"_links":{"self":[{"href":"https:\/\/www.europesays.com\/fr\/wp-json\/wp\/v2\/posts\/207518","targetHints":{"allow":["GET"]}}],"collection":[{"href":"https:\/\/www.europesays.com\/fr\/wp-json\/wp\/v2\/posts"}],"about":[{"href":"https:\/\/www.europesays.com\/fr\/wp-json\/wp\/v2\/types\/post"}],"author":[{"embeddable":true,"href":"https:\/\/www.europesays.com\/fr\/wp-json\/wp\/v2\/users\/2"}],"replies":[{"embeddable":true,"href":"https:\/\/www.europesays.com\/fr\/wp-json\/wp\/v2\/comments?post=207518"}],"version-history":[{"count":0,"href":"https:\/\/www.europesays.com\/fr\/wp-json\/wp\/v2\/posts\/207518\/revisions"}],"wp:featuredmedia":[{"embeddable":true,"href":"https:\/\/www.europesays.com\/fr\/wp-json\/wp\/v2\/media\/207519"}],"wp:attachment":[{"href":"https:\/\/www.europesays.com\/fr\/wp-json\/wp\/v2\/media?parent=207518"}],"wp:term":[{"taxonomy":"category","embeddable":true,"href":"https:\/\/www.europesays.com\/fr\/wp-json\/wp\/v2\/categories?post=207518"},{"taxonomy":"post_tag","embeddable":true,"href":"https:\/\/www.europesays.com\/fr\/wp-json\/wp\/v2\/tags?post=207518"}],"curies":[{"name":"wp","href":"https:\/\/api.w.org\/{rel}","templated":true}]}}