{"id":207520,"date":"2025-06-27T04:59:11","date_gmt":"2025-06-27T04:59:11","guid":{"rendered":"https:\/\/www.europesays.com\/fr\/207520\/"},"modified":"2025-06-27T04:59:11","modified_gmt":"2025-06-27T04:59:11","slug":"la-revolution-silencieuse-qui-protege-vos-donnees","status":"publish","type":"post","link":"https:\/\/www.europesays.com\/fr\/207520\/","title":{"rendered":"la r\u00e9volution silencieuse qui prot\u00e8ge vos donn\u00e9es"},"content":{"rendered":"<p class=\"chapo\">L\u2019intelligence artificielle quitte le cloud pour s\u2019installer sur vos appareils. \u00c0 la cl\u00e9 : plus de confidentialit\u00e9, moins de risques et une nouvelle \u00e8re de confiance num\u00e9rique.<\/p>\n<p>Tl;dr<\/p>\n<ul>\n<li>On-device AI renforce la s\u00e9curit\u00e9 des donn\u00e9es personnelles.<\/li>\n<li>Les mod\u00e8les locaux r\u00e9duisent les risques de piratage.<\/li>\n<li>Cette approche favorise l\u2019adoption d\u2019une IA plus s\u00fbre.<\/li>\n<\/ul>\n<p>Un virage d\u00e9cisif pour la protection des donn\u00e9es<\/p>\n<p>Au fil des ann\u00e9es, le terme <strong>intelligence artificielle<\/strong> s\u2019est impos\u00e9 dans le d\u00e9bat public. Mais derri\u00e8re l\u2019enthousiasme technologique, une pr\u00e9occupation grandit : <a href=\"https:\/\/www.servicesmobiles.fr\/protection-des-donnees-quels-defis-lia-apporte-t-elle-104569\" rel=\"nofollow noopener\" target=\"_blank\"><strong>la confidentialit\u00e9 des donn\u00e9es<\/strong><\/a>. Il n\u2019est pas rare d\u2019entendre que plus de sept utilisateurs sur dix avouent avoir regrett\u00e9 d\u2019avoir partag\u00e9 des informations personnelles avec un outil d\u2019IA. Un malaise confirm\u00e9 par les mises en garde r\u00e9p\u00e9t\u00e9es des sp\u00e9cialistes, qui d\u00e9conseillent de confier \u00e0 ces plateformes le moindre renseignement confidentiel.<\/p>\n<p>L\u2019IA embarqu\u00e9e : un changement de paradigme<\/p>\n<p>Face \u00e0 cette inqui\u00e9tude, une solution \u00e9merge :<a href=\"https:\/\/www.servicesmobiles.fr\/linference-sur-appareil-une-revolution-silencieuse-au-coeur-de-lia-103600\" rel=\"nofollow noopener\" target=\"_blank\"> l\u2019<strong>IA embarqu\u00e9e sur l\u2019appareil<\/strong>,<\/a> ou \u00ab on-device AI \u00bb. \u00c0 la diff\u00e9rence des syst\u00e8mes traditionnels h\u00e9berg\u00e9s dans le cloud, ce mod\u00e8le installe directement l\u2019algorithme sur l\u2019appareil \u2013 smartphone, ordinateur portable ou objet connect\u00e9. Les informations sensibles ne transitent donc plus vers des serveurs distants mais restent confin\u00e9es au sein du mat\u00e9riel utilis\u00e9. Plusieurs \u00e9l\u00e9ments expliquent cette d\u00e9cision :<\/p>\n<ul>\n<li><strong>R\u00e9duction significative de la surface d\u2019attaque pour les pirates<\/strong>.<\/li>\n<li><strong>Analyse et d\u00e9tection des menaces en temps r\u00e9el gr\u00e2ce \u00e0 une latence minimale<\/strong>.<\/li>\n<li><strong>Diminution de la d\u00e9pendance \u00e0 la connexion Internet<\/strong>.<\/li>\n<\/ul>\n<p>Cet ancrage local garantit que les commandes et interactions demeurent priv\u00e9es, sous le contr\u00f4le exclusif de l\u2019utilisateur. Un d\u00e9tail qui pourrait bien changer le regard port\u00e9 sur les failles de confidentialit\u00e9 des IA.<\/p>\n<p>S\u00e9curit\u00e9 et personnalisation\u00a0: un duo gagnant<\/p>\n<p>L\u2019av\u00e8nement d\u2019une <strong>IA autonome et proactive<\/strong>, capable de comprendre les pr\u00e9f\u00e9rences individuelles et de prendre des d\u00e9cisions seules, bouleverse d\u00e9j\u00e0 notre quotidien. Pour fonctionner efficacement, ces agents intelligents ont besoin d\u2019acc\u00e9der \u00e0 nos habitudes et routines \u2013 ce qui soul\u00e8ve in\u00e9vitablement des questions li\u00e9es \u00e0 la vie priv\u00e9e. Ici, le traitement local fait toute la diff\u00e9rence\u202f: \u00ab\u00a0Aucune image ni donn\u00e9e sensible n\u2019est partag\u00e9e avec un tiers\u202f; tout reste chez vous\u00a0\u00bb\u00a0\u00bb.<\/p>\n<p>Prenons l\u2019exemple concret de la s\u00e9curit\u00e9 domestique\u202f: un agent intelligent peut d\u00e9sormais d\u00e9tecter une activit\u00e9 suspecte autour du domicile sans jamais transmettre d\u2019informations \u00e0 une plateforme externe. L\u2019appareil apprend progressivement \u00e0 distinguer chaque situation et adapte ses r\u00e9actions selon le contexte, tout en offrant une protection sans pr\u00e9c\u00e9dent contre les fuites potentielles.<\/p>\n<p>Vers une confiance retrouv\u00e9e\u00a0?<\/p>\n<p>La transition vers l\u2019<strong>on-device AI<\/strong>, coupl\u00e9e \u00e0 l\u2019\u00e9mergence d\u2019agents autonomes toujours plus performants, laisse entrevoir un futur o\u00f9 rapidit\u00e9 et personnalisation ne sacrifient plus la s\u00e9curit\u00e9. Reste \u00e0 convaincre un public encore m\u00e9fiant\u202f: seule une approche centr\u00e9e sur la confidentialit\u00e9 permettra sans doute \u00e0 l\u2019IA d\u2019exprimer pleinement son potentiel transformateur.<\/p>\n","protected":false},"excerpt":{"rendered":"L\u2019intelligence artificielle quitte le cloud pour s\u2019installer sur vos appareils. \u00c0 la cl\u00e9 : plus de confidentialit\u00e9, moins&hellip;\n","protected":false},"author":2,"featured_media":207521,"comment_status":"","ping_status":"","sticky":false,"template":"","format":"standard","meta":{"footnotes":""},"categories":[7],"tags":[1011,27,43,40,41,39,42,44],"class_list":{"0":"post-207520","1":"post","2":"type-post","3":"status-publish","4":"format-standard","5":"has-post-thumbnail","7":"category-sciences-et-technologies","8":"tag-fr","9":"tag-france","10":"tag-science","11":"tag-science-and-technology","12":"tag-sciences","13":"tag-sciences-et-technologies","14":"tag-technologies","15":"tag-technology"},"share_on_mastodon":{"url":"https:\/\/pubeurope.com\/@fr\/114753567677708369","error":""},"_links":{"self":[{"href":"https:\/\/www.europesays.com\/fr\/wp-json\/wp\/v2\/posts\/207520","targetHints":{"allow":["GET"]}}],"collection":[{"href":"https:\/\/www.europesays.com\/fr\/wp-json\/wp\/v2\/posts"}],"about":[{"href":"https:\/\/www.europesays.com\/fr\/wp-json\/wp\/v2\/types\/post"}],"author":[{"embeddable":true,"href":"https:\/\/www.europesays.com\/fr\/wp-json\/wp\/v2\/users\/2"}],"replies":[{"embeddable":true,"href":"https:\/\/www.europesays.com\/fr\/wp-json\/wp\/v2\/comments?post=207520"}],"version-history":[{"count":0,"href":"https:\/\/www.europesays.com\/fr\/wp-json\/wp\/v2\/posts\/207520\/revisions"}],"wp:featuredmedia":[{"embeddable":true,"href":"https:\/\/www.europesays.com\/fr\/wp-json\/wp\/v2\/media\/207521"}],"wp:attachment":[{"href":"https:\/\/www.europesays.com\/fr\/wp-json\/wp\/v2\/media?parent=207520"}],"wp:term":[{"taxonomy":"category","embeddable":true,"href":"https:\/\/www.europesays.com\/fr\/wp-json\/wp\/v2\/categories?post=207520"},{"taxonomy":"post_tag","embeddable":true,"href":"https:\/\/www.europesays.com\/fr\/wp-json\/wp\/v2\/tags?post=207520"}],"curies":[{"name":"wp","href":"https:\/\/api.w.org\/{rel}","templated":true}]}}