{"id":207524,"date":"2025-06-27T05:01:10","date_gmt":"2025-06-27T05:01:10","guid":{"rendered":"https:\/\/www.europesays.com\/fr\/207524\/"},"modified":"2025-06-27T05:01:10","modified_gmt":"2025-06-27T05:01:10","slug":"le-japon-execute-un-tueur-en-serie","status":"publish","type":"post","link":"https:\/\/www.europesays.com\/fr\/207524\/","title":{"rendered":"Le Japon ex\u00e9cute un tueur en s\u00e9rie"},"content":{"rendered":"<p class=\"fig-paragraph\">Un condamn\u00e9 \u00e0 mort a \u00e9t\u00e9 ex\u00e9cut\u00e9\u00a0<a href=\"http:\/\/www.lefigaro.fr\/ces-pays-qui-pratiquent-encore-la-peine-de-mort-dans-le-monde-20211007\" target=\"_blank\" data-fig-type=\"Article\" rel=\"noopener\" data-gtm-custom-categorie=\"navigation\" data-gtm-custom-action=\"crossclick\" data-gtm-custom-label=\"Contextuel\" data-gtm-event=\"customEventSPE\" data-fig-domain=\"LEFIGARO\">par pendaison au Japon<\/a>, premi\u00e8re application de la peine capitale depuis juillet 2022 dans le pays, ont annonc\u00e9 vendredi la t\u00e9l\u00e9vision publique NHK et plusieurs autres m\u00e9dias nationaux. Le minist\u00e8re de la Justice, contact\u00e9 par l&rsquo;AFP, s&rsquo;est refus\u00e9 \u00e0 confirmer l&rsquo;information avant une conf\u00e9rence de presse. Selon les m\u00e9dias locaux, il s&rsquo;agit de Takahiro Shiraishi, \u00e2g\u00e9 de 34 ans, condamn\u00e9 fin 2020 pour le meurtre de neuf personnes commis en 2017.<\/p>\n<p class=\"fig-paragraph\">L&rsquo;homme visait les internautes qui \u00e9voquaient des projets suicidaires en ligne en leur disant qu&rsquo;il pouvait les aider, et m\u00eame mourir \u00e0 leurs c\u00f4t\u00e9s. Takahiro Shiraishi avait reconnu avoir tu\u00e9 et massacr\u00e9 ses jeunes victimes, toutes des femmes, sauf une. Lors du proc\u00e8s, ses avocats avaient plaid\u00e9 pour la perp\u00e9tuit\u00e9, estimant que ses victimes, \u00e2g\u00e9es de 15 \u00e0 26 ans, avaient exprim\u00e9 des pens\u00e9es suicidaires sur les r\u00e9seaux sociaux, et avaient ainsi consenti \u00e0 leur mort. Le tribunal n&rsquo;avait pas retenu cet argument, jugeant que l&rsquo;affaire a \u00abprovoqu\u00e9 une grande anxi\u00e9t\u00e9 dans la soci\u00e9t\u00e9, car les r\u00e9seaux sociaux sont si r\u00e9pandus\u00bb, et l&rsquo;avait ainsi condamn\u00e9 \u00e0 la peine de mort par pendaison, seule pratique utilis\u00e9e au Japon pour la peine capitale. Il avait renonc\u00e9 \u00e0 faire appel.<\/p>\n<p>Une v\u00e9ritable maison des horreurs<\/p>\n<p class=\"fig-paragraph\">Takahiro Shiraishi avait d\u00e9membr\u00e9 les cadavres et les avait stock\u00e9s dans son appartement de Zama, dans la grande banlieue sud-ouest de Tokyo. Le 31 octobre 2017, la police avait d\u00e9couvert chez lui une v\u00e9ritable maison des horreurs: 240 morceaux de restes humains cach\u00e9s dans des glaci\u00e8res et des bo\u00eetes \u00e0 outils, saupoudr\u00e9s de liti\u00e8re pour chat pour tenter de masquer les odeurs de putr\u00e9faction. Ciseaux, couteaux, une scie et divers outils de menuiserie avaient \u00e9t\u00e9 retrouv\u00e9s \u00e0 son domicile. Cette affaire avait choqu\u00e9 le Japon, pays o\u00f9 le taux de criminalit\u00e9 est tr\u00e8s faible, et avait \u00e9galement eu un fort retentissement \u00e0 l&rsquo;international.<\/p>\n<p class=\"fig-paragraph\">La police l&rsquo;avait finalement arr\u00eat\u00e9 alors qu&rsquo;elle enqu\u00eatait sur la disparition inqui\u00e9tante d&rsquo;une jeune femme de 23 ans, dont le fr\u00e8re avait pu se connecter \u00e0 son compte Twitter, o\u00f9 il avait remarqu\u00e9 des \u00e9changes avec un compte suspect. Lequel s&rsquo;\u00e9tait av\u00e9r\u00e9 \u00eatre l&rsquo;un de ceux qu&rsquo;utilisait Shiraishi pour se pr\u00e9senter comme un \u00abbourreau professionnel\u00bb. Avant de devenir un meurtrier, cet homme \u00e0 l&rsquo;apparence ordinaire et effac\u00e9e avait travaill\u00e9 pendant quelques ann\u00e9es comme recruteur de jeunes femmes pour des clubs pour adultes \u00e0 Kabukicho, le grand quartier rouge de Tokyo.<\/p>\n<p class=\"fig-paragraph\">L&rsquo;affaire du \u00abtueur de Twitter\u00bb, comme la presse nippone l&rsquo;avait surnomm\u00e9, avait raviv\u00e9 au Japon des d\u00e9bats sur le contr\u00f4le des r\u00e9seaux sociaux ainsi que sur le suicide et sa pr\u00e9vention. Le Japon a le plus fort taux de suicide parmi les pays industrialis\u00e9s du G7. Le Japon est le seul pays d\u00e9velopp\u00e9, hormis les \u00c9tats-Unis, \u00e0 appliquer la peine de mort, habituellement pour des personnes condamn\u00e9es pour de multiples homicides. Les autorit\u00e9s justifient son maintien par le soutien dont elle jouit parmi la population, malgr\u00e9 les critiques venues de l&rsquo;\u00e9tranger, en particulier des organisations de d\u00e9fense des droits humains.<\/p>\n","protected":false},"excerpt":{"rendered":"Un condamn\u00e9 \u00e0 mort a \u00e9t\u00e9 ex\u00e9cut\u00e9\u00a0par pendaison au Japon, premi\u00e8re application de la peine capitale depuis juillet&hellip;\n","protected":false},"author":2,"featured_media":207525,"comment_status":"","ping_status":"","sticky":false,"template":"","format":"standard","meta":{"footnotes":""},"categories":[5],"tags":[1111,47,11,1109,1112,118,1108,107,1106,1107,1011,27,1110,1114,14,2070,12,1113,942,316,28],"class_list":{"0":"post-207524","1":"post","2":"type-post","3":"status-publish","4":"format-standard","5":"has-post-thumbnail","7":"category-international","8":"tag-actu","9":"tag-actualite","10":"tag-actualites","11":"tag-breves","12":"tag-depeches","13":"tag-faits-divers","14":"tag-fil","15":"tag-fil-info","16":"tag-flash","17":"tag-flash-actu","18":"tag-fr","19":"tag-france","20":"tag-informations","21":"tag-infos","22":"tag-international","23":"tag-japon","24":"tag-news","25":"tag-nouvelles","26":"tag-peine-de-mort","27":"tag-politique","28":"tag-world"},"share_on_mastodon":{"url":"","error":""},"_links":{"self":[{"href":"https:\/\/www.europesays.com\/fr\/wp-json\/wp\/v2\/posts\/207524","targetHints":{"allow":["GET"]}}],"collection":[{"href":"https:\/\/www.europesays.com\/fr\/wp-json\/wp\/v2\/posts"}],"about":[{"href":"https:\/\/www.europesays.com\/fr\/wp-json\/wp\/v2\/types\/post"}],"author":[{"embeddable":true,"href":"https:\/\/www.europesays.com\/fr\/wp-json\/wp\/v2\/users\/2"}],"replies":[{"embeddable":true,"href":"https:\/\/www.europesays.com\/fr\/wp-json\/wp\/v2\/comments?post=207524"}],"version-history":[{"count":0,"href":"https:\/\/www.europesays.com\/fr\/wp-json\/wp\/v2\/posts\/207524\/revisions"}],"wp:featuredmedia":[{"embeddable":true,"href":"https:\/\/www.europesays.com\/fr\/wp-json\/wp\/v2\/media\/207525"}],"wp:attachment":[{"href":"https:\/\/www.europesays.com\/fr\/wp-json\/wp\/v2\/media?parent=207524"}],"wp:term":[{"taxonomy":"category","embeddable":true,"href":"https:\/\/www.europesays.com\/fr\/wp-json\/wp\/v2\/categories?post=207524"},{"taxonomy":"post_tag","embeddable":true,"href":"https:\/\/www.europesays.com\/fr\/wp-json\/wp\/v2\/tags?post=207524"}],"curies":[{"name":"wp","href":"https:\/\/api.w.org\/{rel}","templated":true}]}}