{"id":207526,"date":"2025-06-27T05:02:12","date_gmt":"2025-06-27T05:02:12","guid":{"rendered":"https:\/\/www.europesays.com\/fr\/207526\/"},"modified":"2025-06-27T05:02:12","modified_gmt":"2025-06-27T05:02:12","slug":"yvelines-disparition-inquietante-dune-adolescente-de-12-ans","status":"publish","type":"post","link":"https:\/\/www.europesays.com\/fr\/207526\/","title":{"rendered":"Yvelines : disparition inqui\u00e9tante d\u2019une adolescente de 12\u00a0ans"},"content":{"rendered":"<p class=\"paragraph text_align_left lp-f-body-02\">Inqui\u00e9tude \u00e0 Ach\u00e8res (Yvelines) o\u00f9 Maia a disparu depuis pr\u00e8s de deux jours. Le commissariat de police nationale de Conflans-Sainte-Honorine a lanc\u00e9 ce jeudi apr\u00e8s-midi un appel \u00e0 t\u00e9moins.<\/p>\n<p class=\"paragraph text_align_left lp-f-body-02\">Cette adolescente \u00e2g\u00e9e d\u2019une douzaine d\u2019ann\u00e9es et de corpulence mince mesure 1,65 m. Elle a les yeux marron fonc\u00e9, tout comme ses cheveux qu\u2019elle a l\u2019habitude de coiffer en chignon.<\/p>\n<p><img decoding=\"async\" class=\"image \" loading=\"lazy\" src=\"https:\/\/www.europesays.com\/fr\/wp-content\/uploads\/2025\/06\/JGL6Z6TSSJAIBEFSXIKWDS4WJM.jpg\" alt=\"Maia est activement recherch\u00e9e depuis mardi. DR\" align=\"\" data-rubrique-principale=\"\" data-article-type=\"\" fetchpriority=\"auto\"\/>Maia est activement recherch\u00e9e depuis mardi. DR<\/p>\n<p class=\"paragraph text_align_left lp-f-body-02\">Lorsqu\u2019elle a \u00e9t\u00e9 vue pour la derni\u00e8re fois, Maia portait un jean bleu clair, un body et des baskets noirs.<\/p>\n<p class=\"paragraph text_align_left lp-f-body-02\">Les personnes d\u00e9tenant des informations sur l\u2019endroit o\u00f9 pourrait se trouver l\u2019adolescente sont pri\u00e9es de contacter les enqu\u00eateur au 01.34.90.47.57. <\/p>\n","protected":false},"excerpt":{"rendered":"Inqui\u00e9tude \u00e0 Ach\u00e8res (Yvelines) o\u00f9 Maia a disparu depuis pr\u00e8s de deux jours. Le commissariat de police nationale&hellip;\n","protected":false},"author":2,"featured_media":207527,"comment_status":"","ping_status":"","sticky":false,"template":"","format":"standard","meta":{"footnotes":""},"categories":[4],"tags":[11,118,1011,27,1944,12,25,1938],"class_list":{"0":"post-207526","1":"post","2":"type-post","3":"status-publish","4":"format-standard","5":"has-post-thumbnail","7":"category-france","8":"tag-actualites","9":"tag-faits-divers","10":"tag-fr","11":"tag-france","12":"tag-ma-ville","13":"tag-news","14":"tag-republique-francaise","15":"tag-yvelines"},"share_on_mastodon":{"url":"https:\/\/pubeurope.com\/@fr\/114753578291817836","error":""},"_links":{"self":[{"href":"https:\/\/www.europesays.com\/fr\/wp-json\/wp\/v2\/posts\/207526","targetHints":{"allow":["GET"]}}],"collection":[{"href":"https:\/\/www.europesays.com\/fr\/wp-json\/wp\/v2\/posts"}],"about":[{"href":"https:\/\/www.europesays.com\/fr\/wp-json\/wp\/v2\/types\/post"}],"author":[{"embeddable":true,"href":"https:\/\/www.europesays.com\/fr\/wp-json\/wp\/v2\/users\/2"}],"replies":[{"embeddable":true,"href":"https:\/\/www.europesays.com\/fr\/wp-json\/wp\/v2\/comments?post=207526"}],"version-history":[{"count":0,"href":"https:\/\/www.europesays.com\/fr\/wp-json\/wp\/v2\/posts\/207526\/revisions"}],"wp:featuredmedia":[{"embeddable":true,"href":"https:\/\/www.europesays.com\/fr\/wp-json\/wp\/v2\/media\/207527"}],"wp:attachment":[{"href":"https:\/\/www.europesays.com\/fr\/wp-json\/wp\/v2\/media?parent=207526"}],"wp:term":[{"taxonomy":"category","embeddable":true,"href":"https:\/\/www.europesays.com\/fr\/wp-json\/wp\/v2\/categories?post=207526"},{"taxonomy":"post_tag","embeddable":true,"href":"https:\/\/www.europesays.com\/fr\/wp-json\/wp\/v2\/tags?post=207526"}],"curies":[{"name":"wp","href":"https:\/\/api.w.org\/{rel}","templated":true}]}}