{"id":207530,"date":"2025-06-27T05:04:11","date_gmt":"2025-06-27T05:04:11","guid":{"rendered":"https:\/\/www.europesays.com\/fr\/207530\/"},"modified":"2025-06-27T05:04:11","modified_gmt":"2025-06-27T05:04:11","slug":"firminy-le-nombre-de-demandeurs-demploi-continue-daugmenter-dans-londaine","status":"publish","type":"post","link":"https:\/\/www.europesays.com\/fr\/207530\/","title":{"rendered":"Firminy. Le nombre de demandeurs d\u2019emploi continue d\u2019augmenter dans l\u2019Ondaine"},"content":{"rendered":"<p>En novembre dernier, l\u2019agence France Travail de Firminy dressait le constat suivant\u00a0: le nombre de demandeurs d\u2019emploi dans l\u2019Ondaine (1) augmente. Le taux annonc\u00e9 \u00e9tait alors de <a href=\"https:\/\/www.leprogres.fr\/social\/2024\/11\/12\/le-nombre-de-demandeurs-d-emploi-est-en-augmentation\" target=\"_blank\" rel=\"nofollow noopener\"> 3,4\u00a0% de plus<\/a> qu\u2019\u00e0 la m\u00eame p\u00e9riode en 2023. Et il concernait les cat\u00e9gories A (personnes sans aucun emploi) , B et C (les personnes avec une activit\u00e9 r\u00e9duite).<\/p>\n<p>En un an, +\u00a08,8\u00a0% pour les cat\u00e9gories A, B et C<\/p>\n<p>Six mois plus tard, le taux a encore augment\u00e9, toujours compar\u00e9 \u00e0 l\u2019ann\u00e9e pr\u00e9c\u00e9dente. \u00ab\u00a0Au 31\u00a0mars, nous avons 5\u00a0506 demandeurs d\u2019emploi dans l\u2019Ondaine sur ces cat\u00e9gories A, B et C, soit une \u00e9volution de 8,8\u00a0% en un an\u00a0\u00bb, d\u00e9taille Jean-Christophe Gessen, directeur de l\u2019agence France Travail de Firminy. Sur le bassin st\u00e9phanois, la progression est de 7,6\u00a0%.<\/p>\n<p>Si les chiffres sont globalement plus \u00e9lev\u00e9s un peu partout, c\u2019est une cons\u00e9quence de la loi Plein emploi, entr\u00e9e en vigueur en janvier\u00a02025\u00a0: les agences France Travail&#8230;<\/p>\n","protected":false},"excerpt":{"rendered":"En novembre dernier, l\u2019agence France Travail de Firminy dressait le constat suivant\u00a0: le nombre de demandeurs d\u2019emploi dans&hellip;\n","protected":false},"author":2,"featured_media":207531,"comment_status":"","ping_status":"","sticky":false,"template":"","format":"standard","meta":{"footnotes":""},"categories":[9653],"tags":[1111,11,2430,214,7539,341,1777,674,10282,10283,1011,27,12,25,4001,801],"class_list":{"0":"post-207530","1":"post","2":"type-post","3":"status-publish","4":"format-standard","5":"has-post-thumbnail","7":"category-saint-etienne","8":"tag-actu","9":"tag-actualites","10":"tag-auvergne-rhone-alpes","11":"tag-chomage","12":"tag-edition-loire-sud","13":"tag-emploi","14":"tag-eu","15":"tag-europe","16":"tag-firminy","17":"tag-firminy-ville","18":"tag-fr","19":"tag-france","20":"tag-news","21":"tag-republique-francaise","22":"tag-saint-etienne","23":"tag-social"},"share_on_mastodon":{"url":"https:\/\/pubeurope.com\/@fr\/114753586091345737","error":""},"_links":{"self":[{"href":"https:\/\/www.europesays.com\/fr\/wp-json\/wp\/v2\/posts\/207530","targetHints":{"allow":["GET"]}}],"collection":[{"href":"https:\/\/www.europesays.com\/fr\/wp-json\/wp\/v2\/posts"}],"about":[{"href":"https:\/\/www.europesays.com\/fr\/wp-json\/wp\/v2\/types\/post"}],"author":[{"embeddable":true,"href":"https:\/\/www.europesays.com\/fr\/wp-json\/wp\/v2\/users\/2"}],"replies":[{"embeddable":true,"href":"https:\/\/www.europesays.com\/fr\/wp-json\/wp\/v2\/comments?post=207530"}],"version-history":[{"count":0,"href":"https:\/\/www.europesays.com\/fr\/wp-json\/wp\/v2\/posts\/207530\/revisions"}],"wp:featuredmedia":[{"embeddable":true,"href":"https:\/\/www.europesays.com\/fr\/wp-json\/wp\/v2\/media\/207531"}],"wp:attachment":[{"href":"https:\/\/www.europesays.com\/fr\/wp-json\/wp\/v2\/media?parent=207530"}],"wp:term":[{"taxonomy":"category","embeddable":true,"href":"https:\/\/www.europesays.com\/fr\/wp-json\/wp\/v2\/categories?post=207530"},{"taxonomy":"post_tag","embeddable":true,"href":"https:\/\/www.europesays.com\/fr\/wp-json\/wp\/v2\/tags?post=207530"}],"curies":[{"name":"wp","href":"https:\/\/api.w.org\/{rel}","templated":true}]}}