{"id":207534,"date":"2025-06-27T05:07:19","date_gmt":"2025-06-27T05:07:19","guid":{"rendered":"https:\/\/www.europesays.com\/fr\/207534\/"},"modified":"2025-06-27T05:07:19","modified_gmt":"2025-06-27T05:07:19","slug":"le-guide-des-seances-sous-les-etoiles-en-lorraine","status":"publish","type":"post","link":"https:\/\/www.europesays.com\/fr\/207534\/","title":{"rendered":"le guide des s\u00e9ances sous les \u00e9toiles en Lorraine"},"content":{"rendered":"<p>Allong\u00e9 sous les \u00e9toiles, un coussin sous la t\u00eate et son panier de pique-nique \u00e0 port\u00e9e de main, le cin\u00e9ma en plein air est une exp\u00e9rience tout \u00e0 fait diff\u00e9rente des salles obscures.\u00a0Que vous soyez\u00a0amateurs de grands classiques, de com\u00e9dies ou de films d\u2019animation,\u00a0il y aura forc\u00e9ment une s\u00e9ance pour vous cet \u00e9t\u00e9 \u00e0 Nancy, Metz, Epinal, Verdun, G\u00e9rardmer&#8230;<\/p>\n<p>Alors, pour ne rien manquer, voici notre s\u00e9lection de s\u00e9ances de cin\u00e9ma en plein air \u00e0 voir absolument cet \u00e9t\u00e9 en Lorraine. Spoiler alert\u00a0: le film Un p&rsquo;tit truc en plus sera incontournable sur les \u00e9crans. Pensez \u00e0 apporter votre transat, plaid ou couverture\u00a0!<\/p>\n<p><strong>Nancy<\/strong>. Le jeudi 10 juillet\u00a0: En fanfare \u00e0 l&rsquo;\u00e9cole Buthegn\u00e9mont \u00e0 22 h. Le jeudi 17 juillet : Un p&rsquo;tit truc en plus au parc Olry \u00e0 22 h. Le dimanche 20 juillet\u00a0: The Artist \u00e0 la plage des 2 rives \u00e0 22 h. Le jeudi 24 juillet\u00a0:\u00a0 Migration\u00a0au parc Olry \u00e0 22 h. Le jeudi 31 juillet\u00a0: Le grand bain sur la pelouse de <a href=\"https:\/\/www.estrepublicain.fr\/p\/nancy-thermal\" target=\"_blank\" rel=\"noopener\">Nancy Thermal<\/a> \u00e0 22 h. Le dimanche 24 ao\u00fbt\u00a0: La Princesse et la Grenouille \u00e0 la plage des 2 rives, \u00e0 la tomb\u00e9e de la nuit.\u00a0<\/p>\n<p><strong>Villers-l\u00e8s-Nancy :\u00a0<\/strong>la ville organise <a href=\"https:\/\/www.estrepublicain.fr\/culture-loisirs\/2025\/05\/22\/cinema-en-plein-air-chacun-choisit-son-film\" target=\"_blank\" rel=\"noopener\">trois soir\u00e9es cin\u00e9ma<\/a> en plein air gratuites au parc Mme de Graffigny. Le vendredi 4 juillet\u00a0: Le Ch\u00e2teau Ambulant. Le vendredi 18 juillet\u00a0: Intouchables. Le vendredi 1er ao\u00fbt\u00a0: Lion (2016).\u00a0Lancement des films \u00e0 22 h 30.\u00a0<\/p>\n<p><strong>Jarville-la-Malgrange<\/strong> : S\u00e9ance de lancement avec\u00a0Bohemian Rapsody le vendredi 11 juillet \u00e0 21 h 45. A vous de voter pour les autres\u00a0s\u00e9ances de cin\u00e9ma plein air, qui auront lieu le 25 juillet, les 6, 15 et 22 ao\u00fbt 2025 <a href=\"https:\/\/jeparticipe.metropolegrandnancy.fr\/processes\/cine-quartier-jarville-2025\" target=\"_blank\" rel=\"noopener\">par ici<\/a>. Parmi les films propos\u00e9s :\u00a0Top Gun : Maverick,\u00a0Les aventures de Tintin : Le secret de la Licorne,\u00a0Moonrise Kingdom,\u00a0Les animaux fantastiques, Matrix&#8230;\u00a0Rendez-vous le 11 juillet pour conna\u00eetre les films retenus.<\/p>\n<p><strong>Laxou.<\/strong>\u00a0Le vendredi 22 ao\u00fbt :\u00a0Le dernier Jaguar de Gilles de Maistre (2024) \u00e0 l&rsquo;espace Claudie-Haigner\u00e9, \u00e0 21 h. Le vendredi 29 ao\u00fbt\u00a0: Moi, Moche et M\u00e9chant 4 au city stade Schweitzer, \u00e0 20 h 45.\u00a0<\/p>\n<p><strong>Vandoeuvre-l\u00e8s-Nancy<\/strong>. Le 1er ao\u00fbt : Un p&rsquo;tit truc en plus au parc Richard Pouille \u00e0 la tomb\u00e9e de la nuit.\u00a0<\/p>\n<p><strong>Dombasle-sur-Meurthe.<\/strong> Le 5 juillet\u00a0: L&rsquo;Ascension (avec Ahmed Sylla) place de la R\u00e9publique \u00e0 21 h 30.\u00a0Le\u00a010 ao\u00fbt : Dirty Dancing place de la R\u00e9publique \u00e0 21 h 30.<\/p>\n<p><strong><a href=\"https:\/\/www.estrepublicain.fr\/p\/lac-de-madine\" target=\"_blank\" rel=\"noopener\">Lac de Madine<\/a><\/strong>.\u00a0Le mercredi 16 juillet\u00a0: Un p&rsquo;tit truc en plus \u00e0 22 h 30. Rendez-vous pr\u00e8s du bar du lac \u00e0 Heudicourt. Le 13 ao\u00fbt\u00a0: Top Gun Maverick, \u00e0 21 h 30 sur la plage de Nonsard.\u00a0<\/p>\n<p><strong>Verdun<\/strong>. Le 22 ao\u00fbt\u00a0:\u00a0Un p&rsquo;tit truc en plus\u00a0\u00e0 la base de loisirs du Pr\u00e9 l\u2019\u00c9v\u00eaque.<\/p>\n<p><strong>Commercy<\/strong>. Le 19 juillet\u00a0: Un p&rsquo;tit truc en plus\u00a0\u00e0 la tomb\u00e9e de la nuit au Prieur\u00e9 de Breuil.<\/p>\n<p><strong>Saint-Mihiel.<\/strong> Le samedi 19 juillet\u00a0: Un p&rsquo;tit truc en plus, sur la place du Sahara \u00e0 la tomb\u00e9e de la nuit.\u00a0<\/p>\n<p><strong>Revigny-sur-Ornain<\/strong>. Le 28 juin se tiendra une soir\u00e9e sur le th\u00e8me du foot avec une s\u00e9ance en plein air du film\u00a0Marinette,\u00a0biopic de Marinette Pichon, meilleure joueuse de l&rsquo;\u00e9quipe de France de football, ainsi qu&rsquo;un show de football freestyle.<\/p>\n<p><strong>Metz.\u00a0<\/strong>Mercredi 25 juin\u00a0: Dimanche et Les hommes le dimanche (film muet) sur le parvis du\u00a0<a href=\"https:\/\/www.estrepublicain.fr\/p\/centre-pompidou-metz\" target=\"_blank\" rel=\"noopener\">centre Pompidou-Metz<\/a>,\u00a0 \u00e0\u00a022 h 30. Mercredi 2 juillet\u00a0: Manifesto (en VOSTFR) sur le parvis du\u00a0centre Pompidou-Metz, \u00e0\u00a022 h 30.\u00a0Mercredi 16 juillet\u00a0: Les Gardiens de la Galaxie \u00e0 Borny au City-Stade (\u00e0 l\u2019arri\u00e8re de la BAM) \u00e0 22 h 30.\u00a0Mercredi 23 juillet\u00a0:\u00a0Marinette au Sablon Square Th\u00e9ophile-Dedun, \u00e0 22 h. Mercredi 6 ao\u00fbt\u00a0: Un p\u2019tit truc en plus, au plan d\u2019eau\u00a0\u00e0 22 h. Mercredi 13 ao\u00fbt : Sirocco et le royaume des courants d\u2019air au square des Pins Hauts-de-Valli\u00e8res, \u00e0\u00a021 h 30. Mercredi 20 ao\u00fbt\u00a0: Le gar\u00e7on et le h\u00e9ron sur le parvis de L\u2019Agora, \u00e0 21 h 30. Mercredi 27 ao\u00fbt\u00a0:\u00a0Le Seigneur des anneaux : La Communaut\u00e9 de l\u2019anneau (version longue) Bliiida, \u00e0\u00a021 h 30.<\/p>\n<p><strong>Faulquemont<\/strong>.\u00a0Le 27 juin\u00a0: Un p&rsquo;tit truc en plus, vers 22 h dans la cour de l&rsquo;\u00e9cole Bas-Steinbesch.\u00a0<\/p>\n<p><strong>Autour de Sarreguemines. <\/strong>Le festival des Z\u2019\u00c9tangs d\u2019Art propose 5 s\u00e9ances dans les villages autour de Sarreguemines. D\u00e9but \u00e0 R\u00e9mering-l\u00e8s-Puttelange<strong>, <\/strong>le vendredi 11 juillet\u00a0: Un p&rsquo;tit truc en plus dans la cour de l&rsquo;\u00e9cole \u00e0 22 h. A Grosbliederstroff, le samedi 19 juillet\u00a0: Heureux gagnants\u00a0(avec Fabrice Ebou\u00e9, Audrey Lamy) dans la zone de loisirs \u00e0 22 h. A Holving, le vendredi 1er ao\u00fbt\u00a0: A la belle \u00e9toile\u00a0(avec le youtubeur Just Riadh) sur le parking de la mairie \u00e0 21 h 45. A\u00a0Neufgrange,\u00a0le vendredi 8 ao\u00fbt\u00a0: Chasse gard\u00e9e\u00a0(avec Didier Bourdon, Camille Lou) dans la cour du clos du ch\u00e2teau \u00e0 21 h 45. A\u00a0Puttelange-Aux-Lacs, le samedi 16 ao\u00fbt\u00a0: Nous les Leroy sur l&rsquo;aire sportive \u00e0 21 h 45.\u00a0<\/p>\n<p><strong>Autour de Saint-Avold<\/strong>.\u00a016 s\u00e9ances gratuites seront propos\u00e9es du 13 juin au 30 ao\u00fbt, sur diff\u00e9rentes communes du territoire. <a href=\"https:\/\/www.republicain-lorrain.fr\/culture-loisirs\/2025\/06\/01\/cinema-en-plein-air-seize-seances-gratuites-cet-ete-dans-les-communes-de-l-agglo\" target=\"_blank\" rel=\"noopener\">Le programme complet par ici<\/a>.\u00a0<\/p>\n<p><strong>Dans le Saulnois.<\/strong>\u00a0La communaut\u00e9 de communes du Saulnois pr\u00e9voit\u00a0des s\u00e9ances gratuites en plein air dans 21 villages\u00a0: Fonteny, Jallaucourt, Ley, Marthille, Fresnes-en-Saulnois, Hampont, Ommeray, Puzieux, Conthil, Lidrezing, Gu\u00e9blange-l\u00e8s-Dieuze, Chambrey, Delme, Lagarde, Cutting, Tarquimpol, Saint-M\u00e9dard, Lhor, Lindre-Basse, Moyenvic, pour un clap de fin le mercredi 27 ao\u00fbt \u00e0 Vic-sur-Seille. <a href=\"https:\/\/www.republicain-lorrain.fr\/culture-loisirs\/2025\/06\/05\/le-saulnois-refait-son-cinema-en-plein-air-premiere-projection-gratuite-ce-vendredi-6-juin\" target=\"_blank\" rel=\"noopener\">Le programme complet par ici.\u00a0<\/a><\/p>\n<p><strong>Autour de Bouzonville.<\/strong>\u00a0Dix projections gratuites sur grand \u00e9cran avec des films tout public sont programm\u00e9es chaque samedi jusqu\u2019en septembre.\u00a0Sierck-les-Bains,\u00a0Hunting,\u00a0Launstroff,\u00a0Rettel&#8230; <a href=\"https:\/\/www.republicain-lorrain.fr\/culture-loisirs\/2025\/06\/23\/un-ete-plein-ecran-et-en-plein-air-sur-l-ensemble-du-territoire\" target=\"_blank\" rel=\"noopener\">Le programme complet par ici<\/a>.\u00a0<\/p>\n<p><strong>Epinal. D<\/strong>ans le superbe jardin de la Maison romaine, <a href=\"https:\/\/www.vosgesmatin.fr\/culture-loisirs\/2025\/06\/23\/epinal-bouge-l-ete-de-retour-des-le-mois-de-juillet-avec-un-programme-riche-en-concerts-et-spectacles\" target=\"_blank\" rel=\"noopener\">trois films seront diffus\u00e9s gratuitement<\/a> : Ast\u00e9rix et Ob\u00e9lix, mission Cl\u00e9op\u00e2tre d\u2019<a href=\"https:\/\/www.estrepublicain.fr\/p\/alain-chabat\" target=\"_blank\" rel=\"noopener\">Alain Chabat<\/a> le 18 juillet (22 h), Soyez sympas rembobinez de Michel Gondry le 1er ao\u00fbt (22 h) et Pers\u00e9polis de Marjane Satrapi le 15 ao\u00fbt (21 h 30).\u00a0<\/p>\n<p><strong>Neufch\u00e2teau<\/strong>. Tous les jeudis du mois de juillet, la ville organise une projection gratuite. Le 3 juillet : La d\u00e9gustation, quartier de l&rsquo;Etendard \u00e0 21 h 45. Le 10 juillet \u00a0: Migration, place Jeanne d&rsquo;Arc \u00e0 21 h 45. Le 17 juillet\u00a0: 10 jours sans maman \u00e0 Rollainville. Le 24 juillet ce n&rsquo;est pas en plein air, mais dans la piscine qu&rsquo;est propos\u00e9e la s\u00e9ance\u00a0! Prenez votre bou\u00e9e pour regarder Les aventures de Tintin &#8211; Les secrets de la licorne. Le 31 juillet\u00a0: Le parc des merveilles au quartier de la Maladi\u00e8re.\u00a0<\/p>\n<p><strong>G\u00e9rardmer<\/strong>. Le cin\u00e9ma drive-in de G\u00e9rardmer est de retour le samedi 2 ao\u00fbt \u00e0 La Mauselaine pour une projection de E.T. l&rsquo;extra-terrestre \u00e0 19 h et Mission : Impossible &#8211; Dead Reckoning \u00e0 21 h 30. 15 \u20ac la s\u00e9ance par voiture, 20 \u20ac les deux s\u00e9ances. Au bord du lac, trois s\u00e9ances gratuites sont <a href=\"https:\/\/www.vosgesmatin.fr\/culture-loisirs\/2025\/06\/24\/gerardmer-feux-d-artifice-aperos-electro-guinguette-une-quarantaine-de-rendez-vous-au-bord-du-lac-cet-ete\" target=\"_blank\" rel=\"noopener\">organis\u00e9es par la Maison de la culture et des loisirs<\/a> : Le dernier jaguar jeudi 10 juillet, Migration le jeudi 31 juillet, et Un p&rsquo;tit truc en plus le jeudi 7 juillet.\u00a0<\/p>\n","protected":false},"excerpt":{"rendered":"Allong\u00e9 sous les \u00e9toiles, un coussin sous la t\u00eate et son panier de pique-nique \u00e0 port\u00e9e de main,&hellip;\n","protected":false},"author":2,"featured_media":207535,"comment_status":"","ping_status":"","sticky":false,"template":"","format":"standard","meta":{"footnotes":""},"categories":[9635],"tags":[1111,11,650,1687,3602,1704,10174,1777,674,107,1011,27,775,31022,15108,3457,1702,12,3456,25,273],"class_list":{"0":"post-207534","1":"post","2":"type-post","3":"status-publish","4":"format-standard","5":"has-post-thumbnail","7":"category-nancy","8":"tag-actu","9":"tag-actualites","10":"tag-cinema","11":"tag-culture-loisirs","12":"tag-edition-bar-le-duc","13":"tag-edition-nancy-et-agglomeration","14":"tag-edition-verdun","15":"tag-eu","16":"tag-europe","17":"tag-fil-info","18":"tag-fr","19":"tag-france","20":"tag-grand-est","21":"tag-le-guide-de-lete-lorraine","22":"tag-magazine-lifestyle","23":"tag-meurthe-et-moselle","24":"tag-nancy","25":"tag-news","26":"tag-region-lorraine","27":"tag-republique-francaise","28":"tag-selection-de-la-redaction"},"share_on_mastodon":{"url":"https:\/\/pubeurope.com\/@fr\/114753597880174195","error":""},"_links":{"self":[{"href":"https:\/\/www.europesays.com\/fr\/wp-json\/wp\/v2\/posts\/207534","targetHints":{"allow":["GET"]}}],"collection":[{"href":"https:\/\/www.europesays.com\/fr\/wp-json\/wp\/v2\/posts"}],"about":[{"href":"https:\/\/www.europesays.com\/fr\/wp-json\/wp\/v2\/types\/post"}],"author":[{"embeddable":true,"href":"https:\/\/www.europesays.com\/fr\/wp-json\/wp\/v2\/users\/2"}],"replies":[{"embeddable":true,"href":"https:\/\/www.europesays.com\/fr\/wp-json\/wp\/v2\/comments?post=207534"}],"version-history":[{"count":0,"href":"https:\/\/www.europesays.com\/fr\/wp-json\/wp\/v2\/posts\/207534\/revisions"}],"wp:featuredmedia":[{"embeddable":true,"href":"https:\/\/www.europesays.com\/fr\/wp-json\/wp\/v2\/media\/207535"}],"wp:attachment":[{"href":"https:\/\/www.europesays.com\/fr\/wp-json\/wp\/v2\/media?parent=207534"}],"wp:term":[{"taxonomy":"category","embeddable":true,"href":"https:\/\/www.europesays.com\/fr\/wp-json\/wp\/v2\/categories?post=207534"},{"taxonomy":"post_tag","embeddable":true,"href":"https:\/\/www.europesays.com\/fr\/wp-json\/wp\/v2\/tags?post=207534"}],"curies":[{"name":"wp","href":"https:\/\/api.w.org\/{rel}","templated":true}]}}