{"id":207542,"date":"2025-06-27T05:14:13","date_gmt":"2025-06-27T05:14:13","guid":{"rendered":"https:\/\/www.europesays.com\/fr\/207542\/"},"modified":"2025-06-27T05:14:13","modified_gmt":"2025-06-27T05:14:13","slug":"pres-de-rouen-un-restaurant-hollys-diner-ferme-ses-portes-on-vous-explique-pourquoi","status":"publish","type":"post","link":"https:\/\/www.europesays.com\/fr\/207542\/","title":{"rendered":"Pr\u00e8s de Rouen, un restaurant Holly&rsquo;s Diner ferme ses portes : on vous explique pourquoi"},"content":{"rendered":"<p>            Par<br \/>\n        <strong><br \/>\n            <a href=\"https:\/\/actu.fr\/auteur\/yann-rivallan\" title=\"Consulter tous les articles de Yann Rivallan\" rel=\"nofollow noopener\" target=\"_blank\">Yann Rivallan<\/a><br \/>\n        <\/strong><\/p>\n<p>        Publi\u00e9 le<\/p>\n<p>            27 juin 2025 \u00e0 6h54        <\/p>\n<p>La franchise de sp\u00e9cialit\u00e9s am\u00e9ricaines <strong>Holly\u2019s Diner<\/strong>\u00a0vient de perdre un de ses restaurants. Au sein du centre commercial Carrefour de <a href=\"https:\/\/actu.fr\/normandie\/barentin_76057\" rel=\"nofollow noopener\" target=\"_blank\">Barentin<\/a>, l\u2019\u00e9tablissement aux allures de diner am\u00e9ricain des ann\u00e9es 50 a <strong>ferm\u00e9 ses portes vendredi 13 juin<\/strong>, comme l\u2019ont rep\u00e9r\u00e9 nos confr\u00e8res du <a href=\"https:\/\/www.lecourriercauchois.fr\/actualite-385019-pres-de-rouen-ce-restaurant-place-en-liquidation-judiciaire-a-definitivement-ferme\" rel=\"nofollow noopener\" target=\"_blank\">Courrier Cauchois<\/a>. Mais pour quelle raison ? On vous explique.<\/p>\n<p>400 000 euros de dettes<\/p>\n<p class=\" wall-content\">Dans un jugement rendu le 12 juin 2025 et que 76actu a pu consulter, le tribunal de commerce d\u2019\u00c9vreux ordonne <strong>le placement en liquidation judiciaire<\/strong> de la SARL Charlotte, d\u00e9tentrice du restaurant de Barentin.<\/p>\n<p class=\" wall-content\">En clair : l\u2019entreprise a accumul\u00e9 un total de dettes qu\u2019elle n\u2019est plus en mesure de rembourser. Elle est en cessation de paiement depuis le 22 avril et doit donc mettre fin \u00e0 son activit\u00e9. Selon le compte rendu de l\u2019audience, ce passif s\u2019\u00e9l\u00e8ve \u00e0 un montant de <strong>409 265,19 euros<\/strong>. Alors que l\u2019entreprise ne poss\u00e8de qu\u2019un actif de 44 809,51 euros.<\/p>\n<p>Concurrence trop forte de\u2026 Flunch<\/p>\n<p class=\" wall-content\">Durant cette audience, le dirigeant de la soci\u00e9t\u00e9 accuse le coup. Il serait confront\u00e9 depuis quelque temps \u00ab\u00a0\u00e0 la concurrence d\u2019une nouvelle zone d\u2019activit\u00e9s avec des taxes inf\u00e9rieures\u00a0\u00bb, mais aussi \u00e0 la concurrence d\u2019un autre restaurant du centre commercial : <strong>Flunch<\/strong>.<\/p>\n<p class=\" wall-content\">Sollicit\u00e9, ce dernier n\u2019a pour le moment pas r\u00e9pondu \u00e0 nos questions pour expliquer plus en d\u00e9tails les raisons de cette fermeture.<\/p>\n<p>Suivez l\u2019actualit\u00e9 de Rouen sur <a href=\"https:\/\/www.whatsapp.com\/channel\/0029VaKfnf99hXF2ddApFB1D\" rel=\"nofollow noopener\" target=\"_blank\">notre cha\u00eene WhatsApp<\/a> et sur <a href=\"https:\/\/www.tiktok.com\/@76actu.fr?lang=fr\" rel=\"nofollow noopener\" target=\"_blank\">notre compte TikTok<\/a><\/p>\n<p class=\" wall-content\">Suivez toute l\u2019actualit\u00e9 de vos villes et m\u00e9dias favoris en vous inscrivant \u00e0 <a href=\"https:\/\/moncompte.actu.fr\" title=\"D\u00e9couvez Mon Actu\" rel=\"nofollow noopener\" data-trk=\"{&quot;cta&quot;:{&quot;action&quot;:&quot;https:\\\/\\\/moncompte.actu.fr&quot;,&quot;category&quot;:&quot;mon compte&quot;,&quot;from&quot;:&quot;article footer&quot;,&quot;name&quot;:&quot;Mon actu&quot;,&quot;type&quot;:&quot;cta&quot;}}\" target=\"_blank\">Mon Actu<\/a>.<\/p>\n<p>                    <script async src=\"\/\/www.tiktok.com\/embed.js\"><\/script><\/p>\n","protected":false},"excerpt":{"rendered":"Par Yann Rivallan Publi\u00e9 le 27 juin 2025 \u00e0 6h54 La franchise de sp\u00e9cialit\u00e9s am\u00e9ricaines Holly\u2019s Diner\u00a0vient de&hellip;\n","protected":false},"author":2,"featured_media":207543,"comment_status":"","ping_status":"","sticky":false,"template":"","format":"standard","meta":{"footnotes":""},"categories":[9587],"tags":[1111,11,33,1777,674,1011,27,12,5161,25,1340,9590],"class_list":{"0":"post-207542","1":"post","2":"type-post","3":"status-publish","4":"format-standard","5":"has-post-thumbnail","7":"category-rouen","8":"tag-actu","9":"tag-actualites","10":"tag-economie","11":"tag-eu","12":"tag-europe","13":"tag-fr","14":"tag-france","15":"tag-news","16":"tag-normandie","17":"tag-republique-francaise","18":"tag-restaurant","19":"tag-rouen"},"share_on_mastodon":{"url":"https:\/\/pubeurope.com\/@fr\/114753625713955426","error":""},"_links":{"self":[{"href":"https:\/\/www.europesays.com\/fr\/wp-json\/wp\/v2\/posts\/207542","targetHints":{"allow":["GET"]}}],"collection":[{"href":"https:\/\/www.europesays.com\/fr\/wp-json\/wp\/v2\/posts"}],"about":[{"href":"https:\/\/www.europesays.com\/fr\/wp-json\/wp\/v2\/types\/post"}],"author":[{"embeddable":true,"href":"https:\/\/www.europesays.com\/fr\/wp-json\/wp\/v2\/users\/2"}],"replies":[{"embeddable":true,"href":"https:\/\/www.europesays.com\/fr\/wp-json\/wp\/v2\/comments?post=207542"}],"version-history":[{"count":0,"href":"https:\/\/www.europesays.com\/fr\/wp-json\/wp\/v2\/posts\/207542\/revisions"}],"wp:featuredmedia":[{"embeddable":true,"href":"https:\/\/www.europesays.com\/fr\/wp-json\/wp\/v2\/media\/207543"}],"wp:attachment":[{"href":"https:\/\/www.europesays.com\/fr\/wp-json\/wp\/v2\/media?parent=207542"}],"wp:term":[{"taxonomy":"category","embeddable":true,"href":"https:\/\/www.europesays.com\/fr\/wp-json\/wp\/v2\/categories?post=207542"},{"taxonomy":"post_tag","embeddable":true,"href":"https:\/\/www.europesays.com\/fr\/wp-json\/wp\/v2\/tags?post=207542"}],"curies":[{"name":"wp","href":"https:\/\/api.w.org\/{rel}","templated":true}]}}