{"id":207544,"date":"2025-06-27T05:15:18","date_gmt":"2025-06-27T05:15:18","guid":{"rendered":"https:\/\/www.europesays.com\/fr\/207544\/"},"modified":"2025-06-27T05:15:18","modified_gmt":"2025-06-27T05:15:18","slug":"pourquoi-une-societe-dimport-export-de-vehicules-sur-un-terrain-municipal","status":"publish","type":"post","link":"https:\/\/www.europesays.com\/fr\/207544\/","title":{"rendered":"POURQUOI UNE SOCI\u00c9T\u00c9 D&rsquo;IMPORT\/EXPORT DE V\u00c9HICULES SUR UN TERRAIN MUNICIPAL ?"},"content":{"rendered":"<p>Posted On 27 juin 2025 <\/p>\n<p style=\"text-align: justify;\">104 rue des Alli\u00e9s, la municipalit\u00e9 dispose d&rsquo;un vaste terrain vague qui a \u00e9t\u00e9 le th\u00e9\u00e2tre d&rsquo;un camp de roms auquel la mafia avait mis le feu parce qu&rsquo;un locataire avait refus\u00e9 de lui payer son \u00ab\u00a0loyer\u00a0\u00bb. Cet incendie criminel \u00e9tendu \u00e0 Richardson a contraint la ville (le contribuable) <a href=\"https:\/\/grenoble-le-changement.fr\/2025\/03\/26\/incendie-richardson-31-millions-pour-le-contribuable\/\" rel=\"nofollow noopener\" target=\"_blank\">\u00e0 rembourser 3,1 millions d&rsquo;euros \u00e0 l&rsquo;entreprise !<\/a><\/p>\n<p style=\"text-align: justify;\">\u00c0 l&rsquo;issue la municipalit\u00e9 a lou\u00e9 ce terrain \u00e0 un prix non r\u00e9v\u00e9l\u00e9, \u00e0 une \u00e9trange entreprise, sp\u00e9cialis\u00e9e dans l&rsquo;import export de v\u00e9hicules avec l&rsquo;Afrique principalement. Dans des conditions de fonctionnement que certains ont jug\u00e9es plus que discutables. Evidemment sans aucun appel d&rsquo;offres.\u00a0<\/p>\n<p style=\"text-align: justify;\">Une noria de camions a emprunt\u00e9 la rue des Alli\u00e9s pour venir stocker ici toutes sortes de v\u00e9hicules, de conteneurs, de bennes dans un enchev\u00eatrement monstre. Pourquoi M. Mickael Lenepveu, le dirigeant sur lequel on ne trouve rien en ligne, a t-il b\u00e9n\u00e9fici\u00e9 d&rsquo;un tel r\u00e9gime de faveur de la part des \u00e9lus Rouge\/Verts Grenoblois ? Alors qu&rsquo;en&#8230; mars 2022, Pierre-Andr\u00e9 Juven, alors Adjoint (Verts\/LFI) \u00e0 l&rsquo;urbanisme <a href=\"https:\/\/grenoble-le-changement.fr\/2022\/03\/18\/rue-des-allies-piolle-promet-dengager-une-reflexion\/\" rel=\"nofollow noopener\" target=\"_blank\">annon\u00e7ait \u00e0 l&rsquo;Union de Quartier qu&rsquo;ils \u00ab\u00a0lan\u00e7aient une r\u00e9flexion\u00a0\u00bb<\/a> sur l&rsquo;utilisation du terrain dont plus personne n&rsquo;a jamais entendu parler. \u00ab\u00a0Vous avez dit bizarre ? Comme c&rsquo;est bizarre\u00a0\u00bb.\u00a0<\/p>\n<p><img decoding=\"async\" data-id=\"82842\" src=\"https:\/\/i0.wp.com\/grenoble-le-changement.fr\/wp-content\/uploads\/2025\/06\/Capture-de\u0301cran-2025-06-25-a\u0300-22.45.05.png?w=678&amp;ssl=1\" alt=\"\" class=\"wp-image-82842 jetpack-lazy-image\" data-recalc-dims=\"1\" data-lazy-src=\"https:\/\/i0.wp.com\/grenoble-le-changement.fr\/wp-content\/uploads\/2025\/06\/Capture-de\u0301cran-2025-06-25-a\u0300-22.45.05.png?w=678&amp;is-pending-load=1#038;ssl=1\" \/><\/p>\n<p><img decoding=\"async\" data-id=\"82841\" src=\"https:\/\/i0.wp.com\/grenoble-le-changement.fr\/wp-content\/uploads\/2025\/06\/Capture-de\u0301cran-2025-06-25-a\u0300-22.44.24.png?w=678&amp;ssl=1\" alt=\"\" class=\"wp-image-82841 jetpack-lazy-image\" data-recalc-dims=\"1\" data-lazy-src=\"https:\/\/i0.wp.com\/grenoble-le-changement.fr\/wp-content\/uploads\/2025\/06\/Capture-de\u0301cran-2025-06-25-a\u0300-22.44.24.png?w=678&amp;is-pending-load=1#038;ssl=1\" \/><br \/>\nCamions, Conteneurs, bennes : la municipalit\u00e9 a lou\u00e9 un terrain communal \u00e0 une entreprise d&rsquo;import export de pi\u00e8ces, de v\u00e9hicules<\/p>\n<p><strong>POURQUOI UNE ENTREPRISE D&rsquo;IMPORT EXPORT DE V\u00c9HICULES ?<\/strong><\/p>\n<p style=\"text-align: justify;\">Partout ailleurs en effet la municipalit\u00e9 fait la chasse \u00e0 la voiture, aux camions et une entreprise de fret qui voulait s&rsquo;installer dans des locaux de Hewlett-Packard, en bordure de la rocade a \u00e9t\u00e9 emp\u00each\u00e9e par la M\u00e9tropole. Tandis que celle-ci faisant de l&rsquo;import\/export de v\u00e9hicules, sans aucune valeur ajout\u00e9e pour le service local des entreprises, des particuliers ou des commerces a \u00e9t\u00e9 autoris\u00e9e en pleine ville ? Pourquoi cette entreprise ?\u00a0<\/p>\n<p style=\"text-align: justify;\"><strong>QUE S&rsquo;EST-IL PASS\u00c9 ENTRE CET ENTREPRENEUR ET LES \u00c9LUS ?<\/strong><\/p>\n<p style=\"text-align: justify;\">Depuis lors un probl\u00e8me a du se poser entre l&rsquo;entrepreneur et la majorit\u00e9 municipale qui lui avait fait ce cadeau. Sans que le Conseil Municipal ne soit inform\u00e9 des causes, Eric Piolle a engag\u00e9 une proc\u00e9dure pour obtenir la lib\u00e9ration du terrain. Cette action figurait dans la liste que le Maire est contraint de fournir au Conseil Municipal, la liste des actions qu&rsquo;il engage sans les faire voter par l&rsquo;assembl\u00e9e d\u00e9lib\u00e9rante.<\/p>\n<p style=\"text-align: justify;\"><strong>NI LE CONSEIL MUNICIPAL NI LES RIVERAINS JAMAIS INFORM\u00c9S<\/strong><\/p>\n<p style=\"text-align: justify;\">Mais le nom de l&rsquo;entreprise &#8211; Translep &#8211; ne figurait pas, ni la raison du conflit, ni le nom du dirigeant.\u00a0<\/p>\n<p style=\"text-align: justify;\">Que s&rsquo;est-il pass\u00e9 ? Le Conseil Municipal, pas plus que les habitants du quartier, n&rsquo;avaient \u00e9t\u00e9 inform\u00e9s de l&rsquo;installation de cette activit\u00e9 dans un secteur tr\u00e8s d\u00e9grad\u00e9, o\u00f9 la valeur des biens s&rsquo;est effondr\u00e9e. Les locaux de bureaux dans la rue sont invendables.\u00a0<\/p>\n<p style=\"text-align: justify;\">Ils ne sont pas plus inform\u00e9s des raisons pour lesquelles le deal avec l&rsquo;entreprise est rompu. Eric Piolle a refus\u00e9 de r\u00e9pondre \u00e0 Alain Carignon qui l&rsquo;interrogeait \u00e0 ce sujet au Conseil Municipal.\u00a0<\/p>\n<p><img decoding=\"async\" data-id=\"74458\" src=\"https:\/\/i2.wp.com\/grenoble-le-changement.fr\/wp-content\/uploads\/2024\/06\/squat-kaminski.jpg?w=678&amp;ssl=1\" alt=\"\" class=\"wp-image-74458 jetpack-lazy-image\" data-recalc-dims=\"1\" data-lazy-src=\"https:\/\/www.europesays.com\/fr\/wp-content\/uploads\/2025\/06\/squat-kaminski.jpg\" \/><\/p>\n<p><img decoding=\"async\" data-id=\"72176\" src=\"https:\/\/grenoble-le-changement.fr\/wp-content\/uploads\/2024\/03\/Squat-106-rue-des-Allies-z-Kaminski.webp\" alt=\"\" class=\"wp-image-72176 jetpack-lazy-image\" data-lazy-src=\"https:\/\/www.europesays.com\/fr\/wp-content\/uploads\/2025\/06\/Squat-106-rue-des-Allies-z-Kaminski.webp\" \/><br \/>\n\u00c0 cot\u00e9 du terrain municipal, le 102 rue des Alli\u00e9s, la villa Kaminski qui appartient \u00e0 la ville confi\u00e9e \u00e0 l&rsquo;extr\u00eame gauche qui la d\u00e9truit <\/p>\n<p><strong>UNE LISTE IMPRESSIONNANTE ET CO\u00dbTEUSE DE COPINAGES<\/strong><\/p>\n<p style=\"text-align: justify;\"><a href=\"https:\/\/grenoble-le-changement.fr\/2025\/06\/26\/pas-de-limites-au-copinage-pour-les-verts-lfi-a-grenoble\/\" rel=\"nofollow noopener\" target=\"_blank\">Apr\u00e8s l&rsquo;affaire du restaurant du Mus\u00e9e et la liste impressionnante et couteuse des copinages<\/a>, ce nouvel et \u00e9trange dossier commence \u00e0 faire beaucoup. Car si pour le restaurant du Mus\u00e9e, la majorit\u00e9 se r\u00e9fugie derri\u00e8re \u00ab\u00a0les circuits et les fili\u00e8res \u00e9thiques\u00a0\u00bb (!) pour favoriser les amis, qu&rsquo;en est-il des camions et des v\u00e9hicules stock\u00e9s \u00e0 Grenoble et fourgu\u00e9s en Afrique?\u00a0 \u00ab\u00a0Ethique et circuits courts?\u00a0\u00bb\u00a0<\/p>\n<p style=\"text-align: justify;\"><strong>POURQUOI LA VILLA KAMINSKI EST LAISS\u00c9E \u00c0 L&rsquo;EXTR\u00caME GAUCHE ?<\/strong><\/p>\n<p style=\"text-align: justify;\">Mais le leader de l&rsquo;opposition a \u00e9galement demand\u00e9 au Maire pourquoi il engageait une action en justice pour lib\u00e9rer le terrain municipal du 104 rue des Alli\u00e9s et ne faisait rien pour <a href=\"https:\/\/grenoble-le-changement.fr\/2024\/06\/18\/larbre-de-la-tour-perret-pour-cacher-labandon-de-la-ville\/\" rel=\"nofollow noopener\" target=\"_blank\">lib\u00e9rer la villa Kaminski, un \u00e9difice architecturalement remarquable, <\/a>qui appartient \u00e9galement \u00e0 la ville ? Il est occup\u00e9 par des groupuscules de l&rsquo;extr\u00eame gauche, dont on ignore tout de l&rsquo;activit\u00e9, r\u00e9fugi\u00e9s dans une clandestinit\u00e9 absolue, leur permettant de mener toutes les actions qu&rsquo;ils veulent dans la ville. On peut tout imaginer.<\/p>\n<p style=\"text-align: justify;\"><strong>QUI EST \u00c0 L&rsquo;ORIGINE DES INCENDIES CRIMINELS DE LA VILLE?<\/strong><\/p>\n<p style=\"text-align: justify;\">Avant de quitter Grenoble, le Procureur Eric Vaillant, ne rappelait-il pas qu&rsquo;il avait demand\u00e9 au pole anti-terroriste Nationale de prendre <a href=\"https:\/\/grenoble-le-changement.fr\/2025\/01\/28\/eric-vaillant-procureur-grenoble-un-fief-de-lultra-gauche-insurrectionnelle\/\" rel=\"nofollow noopener\" target=\"_blank\">en charge les attentats et incendies criminels dont ont \u00e9t\u00e9 victimes \u00e0 Grenoble,<\/a> la salle du Conseil Municipal, France Bleu Is\u00e8re, le centre culturel scientifique, l&rsquo;\u00e9glise St Jacques, deux gendarmeries, Soitec et ST Micro &#8230; revendiqu\u00e9s par l&rsquo;extr\u00eame gauche, en toute impunit\u00e9 jusque-l\u00e0.<\/p>\n<p style=\"text-align: justify;\"><strong>PIOLLE REFUSE DE DEMANDER L&rsquo;\u00c9VACUATION DE LA VILLA\u00a0<\/strong><\/p>\n<p style=\"text-align: justify;\">Les occupants de la villa Kaminski sont totalement anonymes, occupent sans droit ni titre, sans avoir r\u00e9v\u00e9l\u00e9 aucune de leur identit\u00e9. La Municipalit\u00e9 ne leur ayant jamais rien demand\u00e9, Eric Piolle ne cachant <a href=\"https:\/\/grenoble-le-changement.fr\/2024\/05\/22\/le-conseil-municipal-refuse-de-condamner-les-actions-violentes-de-lextreme-gauche\/\" rel=\"nofollow noopener\" target=\"_blank\">pas que l&rsquo;extr\u00eame gauche<\/a> est <a href=\"https:\/\/grenoble-le-changement.fr\/2023\/04\/12\/la-verite-sur-les-liens-secrets-de-piolle-avec-lextreme-gauche\/\" rel=\"nofollow noopener\" target=\"_blank\">\u00ab\u00a0sa famille\u00a0\u00bb<\/a>, celle dont <a href=\"https:\/\/grenoble-le-changement.fr\/2024\/11\/23\/laurence-ruffin-verts-lfi-petits-mensonges-et-gros-sabots\/\" rel=\"nofollow noopener\" target=\"_blank\">Laurence Ruffin<\/a>, sa candidate, <a href=\"https:\/\/grenoble-le-changement.fr\/2025\/06\/14\/laurence-ruffin-ecarte-ses-concurrentes-et-copie-les-methodes-piolle\/\" rel=\"nofollow noopener\" target=\"_blank\">veut perp\u00e9tuer la domination \u00e0 Grenoble.<\/a><\/p>\n<p style=\"text-align: justify;\">Au nom de sa majorit\u00e9 municipale, Eric Piolle a r\u00e9pondu \u00e0 Alain Carignon qu&rsquo;il se refusait \u00e0 demander son \u00e9vacuation, confirmant la dilapidation du patrimoine des grenoblois qui part en fum\u00e9e.<\/p>\n<p><a href=\"https:\/\/i1.wp.com\/grenoble-le-changement.fr\/wp-content\/uploads\/2025\/06\/les-squaters-du-106-rue-des-Allie\u0301s--scaled.jpg?ssl=1\" rel=\"lightbox[82839] nofollow noopener\" target=\"_blank\"><img decoding=\"async\" data-id=\"82843\" src=\"https:\/\/i2.wp.com\/grenoble-le-changement.fr\/wp-content\/uploads\/2025\/06\/les-squaters-du-106-rue-des-Allie\u0301s-.jpg?resize=678%2C509&amp;ssl=1\" alt=\"\" class=\"wp-image-82843 jetpack-lazy-image\" data-recalc-dims=\"1\" data-lazy-src=\"https:\/\/i2.wp.com\/grenoble-le-changement.fr\/wp-content\/uploads\/2025\/06\/les-squaters-du-106-rue-des-Allie\u0301s-.jpg?resize=678%2C509&amp;is-pending-load=1#038;ssl=1\" \/><\/a><br \/>\nLes occupants d&rsquo;extr\u00eame gauche de la villa Kaminski, rue des Alli\u00e9s, ont \u00e9t\u00e9 contraints de sortir le jour de l&rsquo;incendie qui s&rsquo;est propag\u00e9 \u00e0 Richardson&#8230; <\/p>\n<p><strong>LE COPINAGE CRIT\u00c8RE DE S\u00c9LECTION N\u00b01<\/strong><\/p>\n<p style=\"text-align: justify;\">Ce favoritisme \u00e9hont\u00e9 sur fonds publics \u00e0 l&rsquo;\u00e9gard de l&rsquo;extr\u00eame gauche se cumule avec une autre copinage incompr\u00e9hensible avec cette noria de camions autoris\u00e9s sur un terrain municipal. Le copinage est bien le crit\u00e8re de s\u00e9lection n\u00b01 sur fond id\u00e9ologique la plupart du temps. Sauf au 104 rue des Alli\u00e9s avec les camions. Pourquoi ?\u00a0<\/p>\n<p style=\"text-align: justify;\">Les cons\u00e9quences sont multiples : rue des Alli\u00e9s, tout un quartier se d\u00e9grade et souffre de subir depuis 10 ans le squat hideux de l&rsquo;extr\u00eame gauche qui souille l&rsquo;environnement. Avec, sur le terrain attenant, le bidonville pendant des mois, puis l&rsquo;incendie criminel, puis la location \u00e0 une entreprise de camions &#8230;\u00a0<\/p>\n<\/p>\n<p>Alain Carignon (ici aux c\u00f4t\u00e9s de Charah Bentaleb et de Brigitte Boer) a pos\u00e9 la question au Conseil Municipal sans r\u00e9ponse d&rsquo;Eric Piolle sur les raisons de ce choix d&rsquo;entreprise&#8230;<\/p>\n<p><strong>PERTE DE PATRIMOINE, PERTE DE RECETTES<\/strong><\/p>\n<p style=\"text-align: justify;\">Un quartier qui chute participe \u00e0 la chute de la ville toute enti\u00e8re. La perte de patrimoine et la perte de recettes d&rsquo;un terrain appartenant \u00e0 la ville, appauvrit un peu plus les grenoblois. Qui vivent de plus en plus douloureusement cette spirale n\u00e9gative.\u00a0<\/p>\n<p style=\"text-align: justify;\"><strong>LE DOSSIER DU 104 RUE DES ALLI\u00c9S M\u00c9RITE D&rsquo;\u00caTRE \u00c9CLAIRCI<\/strong><\/p>\n<p style=\"text-align: justify;\">Mais le cas de l&rsquo;entreprise choisie en toute opacit\u00e9 pour occuper un terrain municipal au 104 rue des Alli\u00e9s avec tout ce qui habituellement r\u00e9vulse nos \u00e9lus &#8211; les voitures et les camions, l&rsquo;Afrique comme r\u00e9ceptacle &#8211; m\u00e9rite d&rsquo;\u00eatre \u00e9clairci pour en connaitre les dessous. Le groupe d&rsquo;opposition va exercer un droit de suite, mais tout grenoblois qui disposerait d&rsquo;\u00e9l\u00e9ments peut nous les faire parvenir.\u00a0<\/p>\n<p style=\"text-align: justify;\">\u00a0<\/p>\n","protected":false},"excerpt":{"rendered":"Posted On 27 juin 2025 104 rue des Alli\u00e9s, la municipalit\u00e9 dispose d&rsquo;un vaste terrain vague qui a&hellip;\n","protected":false},"author":2,"featured_media":207545,"comment_status":"","ping_status":"","sticky":false,"template":"","format":"standard","meta":{"footnotes":""},"categories":[9566],"tags":[1111,11,9601,2430,15172,9607,17762,1777,674,1011,27,2731,34662,10136,34663,12,10138,25,34664,34665],"class_list":{"0":"post-207544","1":"post","2":"type-post","3":"status-publish","4":"format-standard","5":"has-post-thumbnail","7":"category-grenoble","8":"tag-actu","9":"tag-actualites","10":"tag-alain-carignon","11":"tag-auvergne-rhone-alpes","12":"tag-brigitte-boer","13":"tag-eric-piolle","14":"tag-eric-vaillant","15":"tag-eu","16":"tag-europe","17":"tag-fr","18":"tag-france","19":"tag-grenoble","20":"tag-kaminski","21":"tag-laurence-ruffin","22":"tag-mickael-lenepveu","23":"tag-news","24":"tag-pierre-andre-juven","25":"tag-republique-francaise","26":"tag-sharah-bentaleb","27":"tag-translep"},"share_on_mastodon":{"url":"https:\/\/pubeurope.com\/@fr\/114753629614149581","error":""},"_links":{"self":[{"href":"https:\/\/www.europesays.com\/fr\/wp-json\/wp\/v2\/posts\/207544","targetHints":{"allow":["GET"]}}],"collection":[{"href":"https:\/\/www.europesays.com\/fr\/wp-json\/wp\/v2\/posts"}],"about":[{"href":"https:\/\/www.europesays.com\/fr\/wp-json\/wp\/v2\/types\/post"}],"author":[{"embeddable":true,"href":"https:\/\/www.europesays.com\/fr\/wp-json\/wp\/v2\/users\/2"}],"replies":[{"embeddable":true,"href":"https:\/\/www.europesays.com\/fr\/wp-json\/wp\/v2\/comments?post=207544"}],"version-history":[{"count":0,"href":"https:\/\/www.europesays.com\/fr\/wp-json\/wp\/v2\/posts\/207544\/revisions"}],"wp:featuredmedia":[{"embeddable":true,"href":"https:\/\/www.europesays.com\/fr\/wp-json\/wp\/v2\/media\/207545"}],"wp:attachment":[{"href":"https:\/\/www.europesays.com\/fr\/wp-json\/wp\/v2\/media?parent=207544"}],"wp:term":[{"taxonomy":"category","embeddable":true,"href":"https:\/\/www.europesays.com\/fr\/wp-json\/wp\/v2\/categories?post=207544"},{"taxonomy":"post_tag","embeddable":true,"href":"https:\/\/www.europesays.com\/fr\/wp-json\/wp\/v2\/tags?post=207544"}],"curies":[{"name":"wp","href":"https:\/\/api.w.org\/{rel}","templated":true}]}}