{"id":207546,"date":"2025-06-27T05:16:16","date_gmt":"2025-06-27T05:16:16","guid":{"rendered":"https:\/\/www.europesays.com\/fr\/207546\/"},"modified":"2025-06-27T05:16:16","modified_gmt":"2025-06-27T05:16:16","slug":"le-football-feminin-doit-encore-lutter","status":"publish","type":"post","link":"https:\/\/www.europesays.com\/fr\/207546\/","title":{"rendered":"le football f\u00e9minin doit encore lutter"},"content":{"rendered":"<p>\u00ab\u00a0Quand je jouais avec des gar\u00e7ons, si un de mes tirs ne leur plaisait pas, j\u2019avais droit \u00e0 des remarques\u00a0: \u201cFrappe de gonzesse, retourne cuisiner, faire le m\u00e9nage.\u201d Des r\u00e9flexions comme \u00e7a, en permanence.\u00a0\u00bb<\/p>\n<p>\u00ab\u00a0Il y a une grande hypocrisie du monde du football et des politiques\u00a0\u00bb<\/p>\n<p>Sous la temp\u00e9rature caniculaire de mercredi, Justine Renaud s\u2019appr\u00eate \u00e0 participer au dernier entra\u00eenement du Grenoble universit\u00e9 club football f\u00e9minin (GUC FF), sur le terrain de soccer du campus. Un club 100\u00a0% f\u00e9minin \u00ab\u00a0met plus en confiance\u00a0\u00bb poursuit-elle. Parce qu\u2019avec les gar\u00e7ons, \u00ab\u00a0tu dois prouver tout le temps que tu es meilleure qu\u2019eux pour faire ta place. C\u2019est fatigant au bout d\u2019un moment.\u00a0\u00bb<\/p>\n<p>Fondateur et grand architecte du <a href=\"https:\/\/www.ledauphine.com\/isere-sud\/2019\/10\/14\/coup-d-envoi-pour-le-guc-foot-feminin\" target=\"_blank\" rel=\"nofollow noopener\">GUC Football f\u00e9minin<\/a> qui figure dans le top 5 fran\u00e7ais des structures f\u00e9minines, Nicolas Bach ne dit pas autre chose\u00a0: \u00ab\u00a0Tout le monde, dans le foot comme chez les politiques, parle de mixit\u00e9 et promeut de belles valeurs. Mais c\u2019est d\u2019une grande hypocrisie, personne ne met les moyens&#8230;<\/p>\n","protected":false},"excerpt":{"rendered":"\u00ab\u00a0Quand je jouais avec des gar\u00e7ons, si un de mes tirs ne leur plaisait pas, j\u2019avais droit \u00e0&hellip;\n","protected":false},"author":2,"featured_media":207547,"comment_status":"","ping_status":"","sticky":false,"template":"","format":"standard","meta":{"footnotes":""},"categories":[9566],"tags":[1111,11,2430,112,113,114,1777,674,63,1011,27,2731,2732,108,6225,12,25,106,104,517],"class_list":{"0":"post-207546","1":"post","2":"type-post","3":"status-publish","4":"format-standard","5":"has-post-thumbnail","7":"category-grenoble","8":"tag-actu","9":"tag-actualites","10":"tag-auvergne-rhone-alpes","11":"tag-edition-grenoble-agglomeration","12":"tag-edition-gresivaudan-oisans","13":"tag-edition-voiron-saint-marcellin","14":"tag-eu","15":"tag-europe","16":"tag-football","17":"tag-fr","18":"tag-france","19":"tag-grenoble","20":"tag-grenoble-bassin","21":"tag-isere","22":"tag-la-matinale","23":"tag-news","24":"tag-republique-francaise","25":"tag-selection-de-la-redaction-38","26":"tag-societe","27":"tag-sport"},"share_on_mastodon":{"url":"https:\/\/pubeurope.com\/@fr\/114753633276259715","error":""},"_links":{"self":[{"href":"https:\/\/www.europesays.com\/fr\/wp-json\/wp\/v2\/posts\/207546","targetHints":{"allow":["GET"]}}],"collection":[{"href":"https:\/\/www.europesays.com\/fr\/wp-json\/wp\/v2\/posts"}],"about":[{"href":"https:\/\/www.europesays.com\/fr\/wp-json\/wp\/v2\/types\/post"}],"author":[{"embeddable":true,"href":"https:\/\/www.europesays.com\/fr\/wp-json\/wp\/v2\/users\/2"}],"replies":[{"embeddable":true,"href":"https:\/\/www.europesays.com\/fr\/wp-json\/wp\/v2\/comments?post=207546"}],"version-history":[{"count":0,"href":"https:\/\/www.europesays.com\/fr\/wp-json\/wp\/v2\/posts\/207546\/revisions"}],"wp:featuredmedia":[{"embeddable":true,"href":"https:\/\/www.europesays.com\/fr\/wp-json\/wp\/v2\/media\/207547"}],"wp:attachment":[{"href":"https:\/\/www.europesays.com\/fr\/wp-json\/wp\/v2\/media?parent=207546"}],"wp:term":[{"taxonomy":"category","embeddable":true,"href":"https:\/\/www.europesays.com\/fr\/wp-json\/wp\/v2\/categories?post=207546"},{"taxonomy":"post_tag","embeddable":true,"href":"https:\/\/www.europesays.com\/fr\/wp-json\/wp\/v2\/tags?post=207546"}],"curies":[{"name":"wp","href":"https:\/\/api.w.org\/{rel}","templated":true}]}}