{"id":207550,"date":"2025-06-27T05:18:12","date_gmt":"2025-06-27T05:18:12","guid":{"rendered":"https:\/\/www.europesays.com\/fr\/207550\/"},"modified":"2025-06-27T05:18:12","modified_gmt":"2025-06-27T05:18:12","slug":"dimanche-je-vise-encore-un-podium-le-champion-de-france-m50-du-5-000-m-ne-manque-pas-dambition-pour-les-championnats-de-bretagne-a-rennes","status":"publish","type":"post","link":"https:\/\/www.europesays.com\/fr\/207550\/","title":{"rendered":"\u00ab\u00a0Dimanche, je vise encore un podium\u00a0\u00bb, le champion de France M50 du 5\u00a0000\u00a0m ne manque pas d\u2019ambition pour les championnats de Bretagne \u00e0 Rennes"},"content":{"rendered":"<p>Championnats de Bretagne \u00e0 Rennes, samedi et dimanche<\/p>\n<p>\u00ab\u00a0J\u2019avais pourtant jur\u00e9 que c\u2019\u00e9tait fini\u00a0\u00bb, lance Eddy Roz\u00e9, de l\u2019ACRLP Pontivy, de retour \u00e0 l\u2019entra\u00eenement, mardi, trois jours apr\u00e8s avoir d\u00e9croch\u00e9 son titre de champion de France \u00e0 Saint-Renan. Pas le temps de savourer cette nouvelle m\u00e9daille d\u2019or que l\u2019athl\u00e8te de 54 ans est d\u00e9j\u00e0 focus sur le championnat de Bretagne toutes cat\u00e9gories du 5\u00a0000 m, sur lequel il sera engag\u00e9, samedi. Un retour \u00e0 la comp\u00e9tition que l\u2019ancien ultra marcheur originaire de Picardie n\u2019avait pas programm\u00e9 en venant s\u2019installer dans le Morbihan il y a quelques ann\u00e9es.<\/p>\n<p>Sept titres de champion de France<\/p>\n<p>\u00ab\u00a0J\u2019ai commenc\u00e9 par le foot, mais je ne supportais pas la mentalit\u00e9. J\u2019avais 11 ou 12 ans quand un voisin m\u2019a propos\u00e9 d\u2019essayer la marche. J\u2019ai bien aim\u00e9 la gestuelle et d\u00e8s la premi\u00e8re comp\u00e9tition sur un 3\u00a0000 m, je suis devenu vice-champion de France. Cela aide \u00e0 vouloir continuer m\u00eame si c\u2019est une discipline particuli\u00e8re et ingrate\u00a0\u00bb, rembobine celui qui a un palmar\u00e8s long comme le bras. Sept titres de champion de France, dont celui \u00e0 Saint-Renan, sur 5\u00a0000 m, 20 km, 50 km et 100 km sur route. Quatre participations au championnat du monde, une au championnat d\u2019Europe et sept s\u00e9lections en \u00e9quipe de France. \u00ab\u00a0Si ma pr\u00e9f\u00e9rence va au 50 km, qui demande une pr\u00e9paration similaire \u00e0 un marathon, je me suis engag\u00e9 sur des distances de plus en plus longues. Des marches de 24\u00a0h, 28\u00a0h, puis trois jours et trois nuits sur des \u00e9preuves mythiques comme le Paris-Colmar ou le Paris-Alsace\u00a0\u00bb, continue Eddy Roz\u00e9. Plus de 30 ans d\u00e9di\u00e9s \u00e0 la marche rapide, athl\u00e9tique, puis de grand fond. Jusqu\u2019\u00e0 la saturation.<\/p>\n<p>Quatre ans de p\u00e9pins physiques<\/p>\n<p>\u00ab\u00a0J\u2019\u00e9tais cass\u00e9, j\u2019encha\u00eenais les blessures. Avec mon \u00e9pouse Cindy et ma fille Emma (toutes les deux athl\u00e8tes \u00e0 l\u2019ACRLP Pontivy), on a d\u00e9cid\u00e9 de venir s\u2019installer \u00e0 Lango\u00eblan o\u00f9 je tiens un g\u00eete. Entre 2018 et 2022, je n\u2019ai plus rien fait. Puis j\u2019ai repris la marche pour ne pas \u00eatre trop s\u00e9dentaire. On a rejoint le club et j\u2019ai donn\u00e9 un coup de main sur les interclubs. Un pas apr\u00e8s l\u2019autre, j\u2019ai r\u00e9ussi quelques petites performances. Je sens que \u00e7a revient petit \u00e0 petit\u00a0\u00bb, d\u00e9clare celui qui s\u2019entra\u00eene, accompagn\u00e9 du coach pontivyen R\u00e9mi Le Youanq. \u00ab\u00a0Le titre en masters \u00e9tait clairement un objectif. Dimanche, je vise encore un podium. Rivaliser avec les plus jeunes, aller les titiller, cela met en app\u00e9tit. M\u00eame si physiquement, je ne peux plus en faire autant, tant qu\u2019\u00e0 reprendre la comp\u00e9tition il faut y aller \u00e0 fond\u00a0!\u00a0\u00bb conclut le marcheur.<\/p>\n","protected":false},"excerpt":{"rendered":"Championnats de Bretagne \u00e0 Rennes, samedi et dimanche \u00ab\u00a0J\u2019avais pourtant jur\u00e9 que c\u2019\u00e9tait fini\u00a0\u00bb, lance Eddy Roz\u00e9, de&hellip;\n","protected":false},"author":2,"featured_media":207551,"comment_status":"","ping_status":"","sticky":false,"template":"","format":"standard","meta":{"footnotes":""},"categories":[2821],"tags":[1111,11,4132,829,1777,674,1011,27,12,584,25,32241,60],"class_list":{"0":"post-207550","1":"post","2":"type-post","3":"status-publish","4":"format-standard","5":"has-post-thumbnail","7":"category-rennes","8":"tag-actu","9":"tag-actualites","10":"tag-athletisme","11":"tag-bretagne","12":"tag-eu","13":"tag-europe","14":"tag-fr","15":"tag-france","16":"tag-news","17":"tag-rennes","18":"tag-republique-francaise","19":"tag-saint-renan","20":"tag-sports"},"share_on_mastodon":{"url":"https:\/\/pubeurope.com\/@fr\/114753641236224609","error":""},"_links":{"self":[{"href":"https:\/\/www.europesays.com\/fr\/wp-json\/wp\/v2\/posts\/207550","targetHints":{"allow":["GET"]}}],"collection":[{"href":"https:\/\/www.europesays.com\/fr\/wp-json\/wp\/v2\/posts"}],"about":[{"href":"https:\/\/www.europesays.com\/fr\/wp-json\/wp\/v2\/types\/post"}],"author":[{"embeddable":true,"href":"https:\/\/www.europesays.com\/fr\/wp-json\/wp\/v2\/users\/2"}],"replies":[{"embeddable":true,"href":"https:\/\/www.europesays.com\/fr\/wp-json\/wp\/v2\/comments?post=207550"}],"version-history":[{"count":0,"href":"https:\/\/www.europesays.com\/fr\/wp-json\/wp\/v2\/posts\/207550\/revisions"}],"wp:featuredmedia":[{"embeddable":true,"href":"https:\/\/www.europesays.com\/fr\/wp-json\/wp\/v2\/media\/207551"}],"wp:attachment":[{"href":"https:\/\/www.europesays.com\/fr\/wp-json\/wp\/v2\/media?parent=207550"}],"wp:term":[{"taxonomy":"category","embeddable":true,"href":"https:\/\/www.europesays.com\/fr\/wp-json\/wp\/v2\/categories?post=207550"},{"taxonomy":"post_tag","embeddable":true,"href":"https:\/\/www.europesays.com\/fr\/wp-json\/wp\/v2\/tags?post=207550"}],"curies":[{"name":"wp","href":"https:\/\/api.w.org\/{rel}","templated":true}]}}