{"id":207552,"date":"2025-06-27T05:19:45","date_gmt":"2025-06-27T05:19:45","guid":{"rendered":"https:\/\/www.europesays.com\/fr\/207552\/"},"modified":"2025-06-27T05:19:45","modified_gmt":"2025-06-27T05:19:45","slug":"ce-vendredi-une-soiree-reservee-aux-mamans-va-reveiller-strasbourg","status":"publish","type":"post","link":"https:\/\/www.europesays.com\/fr\/207552\/","title":{"rendered":"ce vendredi, une soir\u00e9e r\u00e9serv\u00e9e aux mamans va r\u00e9veiller Strasbourg"},"content":{"rendered":"<p>    <img loading=\"lazy\" width=\"1800\" height=\"900\" src=\"https:\/\/www.europesays.com\/fr\/wp-content\/uploads\/2025\/04\/jeanne-callthepolice.jpg\" class=\"attachment-full size-full\" alt=\"\" id=\"imageLove\" decoding=\"async\"  \/><\/p>\n<p id=\"breadcrumbs\"><a href=\"https:\/\/pokaa.fr\/\" target=\"_blank\" rel=\"noopener\">Accueil<\/a> \/ <a href=\"https:\/\/pokaa.fr\/categories\/ses-sorties\/\" target=\"_blank\" rel=\"noopener\">Sorties<\/a> \/ Danser t\u00f4t, dormir t\u00f4t : ce vendredi, une soir\u00e9e r\u00e9serv\u00e9e aux mamans va r\u00e9veiller Strasbourg<\/p>\n<p>                    Sorties<\/p>\n<p><b>Quand les marmots ne sont pas l\u00e0, les \u00ab\u00a0Mamas\u00a0\u00bb dansent. Depuis quelques mois \u00e0 Strasbourg, des soir\u00e9es \u00ab\u00a0100% daronnes\u00a0\u00bb invitent les femmes \u00e0 danser et trinquer entre elles\u2026 Sans re-trinquer le lendemain matin, r\u00e9veill\u00e9es \u2013 trop t\u00f4t \u2013 par toute la mif. Du kif sans les regrets, propos\u00e9 par \u00ab Le Clubbing des Mamas \u00bb. La prochaine ? Le 27 juin, pour une \u00ab \u00e9dition sp\u00e9ciale \u00bb.<\/b><\/p>\n<p>Si le mercredi est \u00ab\u00a0le jour des enfants\u00a0\u00bb, <b>depuis le 12 mars \u00e0 Strasbourg<\/b>, c\u2019est aussi celui des mamans !<\/p>\n<p>Une fois par mois dans la cale de <b>la P\u00e9niche M\u00e9canique<\/b>, celles-ci l\u00e2chent leur charge mentale et leur cocon familial pour une sortie pas comme les autres\u00a0: <b>Le Clubbing des Mamas<\/b>.<\/p>\n<p>    <img width=\"800\" height=\"620\" src=\"https:\/\/www.europesays.com\/fr\/wp-content\/uploads\/2025\/06\/peniche-mecanique-agenda.jpg\" class=\"attachment-image-size-L size-image-size-L\" alt=\"p\u00e9niche m\u00e9canique -agenda\" decoding=\"async\" loading=\"lazy\"  \/>         \u00a9 Page Facebook de la P\u00e9niche M\u00e9canique \/ Capture d&rsquo;\u00e9cran <\/p>\n<p>Danser, trinquer&#8230; en non-mixit\u00e9 !<\/p>\n<p>De \u00ab\u00a0vraies soir\u00e9es clubbing\u2026 mais <b>en d\u00e9but de soir\u00e9e\u00a0<\/b>!\u00a0\u00bb et en <b>non-mixit\u00e9<\/b>. Pour \u00ab\u00a0<b>danser, s\u2019\u00e9clater, trinquer avec les copines, mais sans rentrer \u00e0 3h du mat\u2019 <\/b>comme avant (et payer le prix fort le lendemain) \u00bb, lit-on sur l\u2019\u00e9v\u00e9nement.<\/p>\n<p>Une id\u00e9e d\u00e9velopp\u00e9e par <b>Mama Etcetera \u2013 un guide en ligne (et <\/b><b>\u00ab\u00a0safe place\u00a0\u00bb<\/b><b>) pour les familles alsaciennes <\/b>cr\u00e9\u00e9 par Marie, Strasbourgeoise et elle-m\u00eame m\u00e8re de deux enfants.<\/p>\n<p>                <a href=\"https:\/\/pokaa.fr\/2025\/02\/22\/mama-etcetera-le-compte-instagram-strasbourgeois-a-suivre-pour-occuper-vos-enfants\/\" target=\"_blank\" rel=\"noopener\"><br \/>\n                    <img width=\"450\" height=\"270\" src=\"https:\/\/www.europesays.com\/fr\/wp-content\/uploads\/2025\/06\/1751001585_532_1-450x270.png\" class=\"attachment-card-horizontal--same-subject size-card-horizontal--same-subject wp-post-image\" alt=\"\" decoding=\"async\" loading=\"lazy\"\/>                <\/a><\/p>\n<p>    <img width=\"800\" height=\"532\" src=\"https:\/\/www.europesays.com\/fr\/wp-content\/uploads\/2025\/06\/230518-pka-pelpass-j2-32-800x532.jpg\" class=\"attachment-image-size-L size-image-size-L\" alt=\"Pelpass Festival Musique Concert Jardin des deux Rives\" decoding=\"async\" loading=\"lazy\"  \/>         \u00a9 Adrien Labit \/ Pokaa <\/p>\n<p>Apr\u00e8s plusieurs dates les mercredis (et ce, jusqu\u2019\u00e0 23h), avec des drag shows, des paillettes, et des DJ sets aux sons des ann\u00e9es 2000 \u00e0 2015\u2026 Voil\u00e0 que la quatri\u00e8me annonce \u00eatre<b> une \u00ab\u00a0\u00e9dition sp\u00e9ciale\u00a0\u00bb<\/b>. Alors, qu\u2019a-t-elle de sp\u00e9ciale ?<\/p>\n<p>Eh bien, pour ce mois-ci, <b>Le Clubbing des Mamas d\u00e9barque pour la premi\u00e8re fois un vendredi\u00a0: le 27 juin. <\/b>Avec un bonus pour les \u00ab\u00a0Mamas\u00a0\u00bb\u00a0: la permission de (plus que) minuit, puisqu\u2019elle se prolongera <b>jusqu\u2019\u00e0 1h<\/b>.<\/p>\n<p>Et cette fois, on part plus loin dans les souvenirs avec un DJ set courant des <b>ann\u00e9es 1990 \u00e0 2015<\/b>. Pour \u00ab\u00a0vibrer\u00a0\u00bb <b>sur le dancefloor d\u00e8s 18h30<\/b>. C\u2019est party pour le clubbing\u00a0!<\/p>\n<p>            Le Clubbing des Mamas 4e \u00e9dition \/ \u00ab\u00a0\u00e9dition sp\u00e9ciale\u00a0\u00bb<\/p>\n<p>            Quoi ? <\/p>\n<p>Soir\u00e9e clubbing en non-mixit\u00e9 \u00e0 destination des femmes<\/p>\n<p>                Quand ?<\/p>\n<p>Vendredi 27 juin, de 18h30 \u00e0 1h<\/p>\n<p>            o\u00f9 ?<\/p>\n<p>\u00c0 la P\u00e9niche M\u00e9canique, presqu\u2019\u00eele Andr\u00e9-Malraux, \u00e0 Strasbourg<\/p>\n<p>                Plus d&rsquo;infos ?<\/p>\n<p><a href=\"https:\/\/fb.me\/e\/3c1PLHm6g\" target=\"_blank\" rel=\"noopener\">L\u2019\u00e9v\u00e9nement Facebook<\/a><br \/><a href=\"https:\/\/www.billetweb.fr\/le-clubbing-des-mamas4&amp;multi=u241107&amp;margin=no_margin&amp;color=635BFF&amp;parent=1&amp;margin=no_margin&amp;color=635BFF\" target=\"_blank\" rel=\"noopener\">Billetterie<\/a><\/p>\n","protected":false},"excerpt":{"rendered":"Accueil \/ Sorties \/ Danser t\u00f4t, dormir t\u00f4t : ce vendredi, une soir\u00e9e r\u00e9serv\u00e9e aux mamans va r\u00e9veiller&hellip;\n","protected":false},"author":2,"featured_media":207553,"comment_status":"","ping_status":"","sticky":false,"template":"","format":"standard","meta":{"footnotes":""},"categories":[2820],"tags":[1111,11,4763,5244,12084,1777,674,652,1011,27,775,34666,12,21919,3306,34667,3907,25,640,4064],"class_list":{"0":"post-207552","1":"post","2":"type-post","3":"status-publish","4":"format-standard","5":"has-post-thumbnail","7":"category-strasbourg","8":"tag-actu","9":"tag-actualites","10":"tag-agenda","11":"tag-club","12":"tag-dj-set","13":"tag-eu","14":"tag-europe","15":"tag-famille","16":"tag-fr","17":"tag-france","18":"tag-grand-est","19":"tag-mamans","20":"tag-news","21":"tag-ou-sortir","22":"tag-parents","23":"tag-peniche-mecanique","24":"tag-que-faire","25":"tag-republique-francaise","26":"tag-strasbourg","27":"tag-week-end"},"share_on_mastodon":{"url":"https:\/\/pubeurope.com\/@fr\/114753645236075301","error":""},"_links":{"self":[{"href":"https:\/\/www.europesays.com\/fr\/wp-json\/wp\/v2\/posts\/207552","targetHints":{"allow":["GET"]}}],"collection":[{"href":"https:\/\/www.europesays.com\/fr\/wp-json\/wp\/v2\/posts"}],"about":[{"href":"https:\/\/www.europesays.com\/fr\/wp-json\/wp\/v2\/types\/post"}],"author":[{"embeddable":true,"href":"https:\/\/www.europesays.com\/fr\/wp-json\/wp\/v2\/users\/2"}],"replies":[{"embeddable":true,"href":"https:\/\/www.europesays.com\/fr\/wp-json\/wp\/v2\/comments?post=207552"}],"version-history":[{"count":0,"href":"https:\/\/www.europesays.com\/fr\/wp-json\/wp\/v2\/posts\/207552\/revisions"}],"wp:featuredmedia":[{"embeddable":true,"href":"https:\/\/www.europesays.com\/fr\/wp-json\/wp\/v2\/media\/207553"}],"wp:attachment":[{"href":"https:\/\/www.europesays.com\/fr\/wp-json\/wp\/v2\/media?parent=207552"}],"wp:term":[{"taxonomy":"category","embeddable":true,"href":"https:\/\/www.europesays.com\/fr\/wp-json\/wp\/v2\/categories?post=207552"},{"taxonomy":"post_tag","embeddable":true,"href":"https:\/\/www.europesays.com\/fr\/wp-json\/wp\/v2\/tags?post=207552"}],"curies":[{"name":"wp","href":"https:\/\/api.w.org\/{rel}","templated":true}]}}